{"id":109927,"date":"2023-12-12T16:06:03","date_gmt":"2023-12-12T19:06:03","guid":{"rendered":"https:\/\/corrientesdetarde.com\/?p=109927"},"modified":"2023-12-12T16:06:05","modified_gmt":"2023-12-12T19:06:05","slug":"cardozo-entrego-computadoras-al-hospital-escuela","status":"publish","type":"post","link":"https:\/\/corrientesdetarde.com\/index.php\/bienestar-y-salud\/cardozo-entrego-computadoras-al-hospital-escuela\/","title":{"rendered":"Cardozo entreg\u00f3 computadoras al Hospital Escuela"},"content":{"rendered":"\n<p><em>Se trata de tres de equipos All In One, que ser\u00e1n implementados para la Historia Cl\u00ednica Digital de esa instituci\u00f3n.<\/em><\/p>\n\n\n\n<p>El ministro de Salud P\u00fablica de la Provincia, Ricardo Cardozo, entreg\u00f3 este martes tres computadoras All In One al Hospital Escuela &#8220;General Jos\u00e9 Francisco de San Mart\u00edn&#8221; de la ciudda de Corrientes, que ser\u00e1n destinadas a consultorios para el desarrollo de la Historia Cl\u00ednica Digital. Los equipos fueron adquiridos por la Direcci\u00f3n de Sistemas de la cartera sanitaria y fueron recibidos por los directores ejecutivo, Jos\u00e9 Romero, y asociado, Cristina Marecos.<\/p>\n\n\n\n<p>&#8220;Este tipo de entregas lo hacemos de forma permanente a hospitales y centros de salud de la Capital y del interior. Pese a las dificultades econ\u00f3micas, el Gobierno provincial contin\u00faa con este proceso de modernizaci\u00f3n del Estado que se traduce en una mejor prestaci\u00f3n de los servicios, en este caso en Salud P\u00fablica, y de mejor calidad de vida de nuestra comunidad&#8221;, dijo el ministro\u00a0Ricardo Cardozo.<\/p>\n\n\n\n<figure class=\"wp-block-image size-large\"><img loading=\"lazy\" decoding=\"async\" width=\"1024\" height=\"683\" src=\"https:\/\/corrientesdetarde.com\/wp-content\/uploads\/2023\/12\/image-271-1024x683.png\" alt=\"\" class=\"wp-image-109928\" srcset=\"https:\/\/corrientesdetarde.com\/wp-content\/uploads\/2023\/12\/image-271-1024x683.png 1024w, https:\/\/corrientesdetarde.com\/wp-content\/uploads\/2023\/12\/image-271-300x200.png 300w, https:\/\/corrientesdetarde.com\/wp-content\/uploads\/2023\/12\/image-271-768x512.png 768w, https:\/\/corrientesdetarde.com\/wp-content\/uploads\/2023\/12\/image-271-1536x1024.png 1536w, https:\/\/corrientesdetarde.com\/wp-content\/uploads\/2023\/12\/image-271.png 1560w\" sizes=\"auto, (max-width: 1024px) 100vw, 1024px\" \/><\/figure>\n","protected":false},"excerpt":{"rendered":"<p>Se trata de tres de equipos All In One, que ser\u00e1n implementados para la Historia Cl\u00ednica Digital de esa instituci\u00f3n. El ministro de Salud P\u00fablica de la Provincia, Ricardo Cardozo,&hellip; <\/p>\n","protected":false},"author":8,"featured_media":109929,"comment_status":"closed","ping_status":"open","sticky":false,"template":"","format":"standard","meta":{"footnotes":""},"categories":[16],"tags":[],"class_list":["post-109927","post","type-post","status-publish","format-standard","has-post-thumbnail","hentry","category-bienestar-y-salud"],"_links":{"self":[{"href":"https:\/\/corrientesdetarde.com\/index.php\/wp-json\/wp\/v2\/posts\/109927","targetHints":{"allow":["GET"]}}],"collection":[{"href":"https:\/\/corrientesdetarde.com\/index.php\/wp-json\/wp\/v2\/posts"}],"about":[{"href":"https:\/\/corrientesdetarde.com\/index.php\/wp-json\/wp\/v2\/types\/post"}],"author":[{"embeddable":true,"href":"https:\/\/corrientesdetarde.com\/index.php\/wp-json\/wp\/v2\/users\/8"}],"replies":[{"embeddable":true,"href":"https:\/\/corrientesdetarde.com\/index.php\/wp-json\/wp\/v2\/comments?post=109927"}],"version-history":[{"count":1,"href":"https:\/\/corrientesdetarde.com\/index.php\/wp-json\/wp\/v2\/posts\/109927\/revisions"}],"predecessor-version":[{"id":109930,"href":"https:\/\/corrientesdetarde.com\/index.php\/wp-json\/wp\/v2\/posts\/109927\/revisions\/109930"}],"wp:featuredmedia":[{"embeddable":true,"href":"https:\/\/corrientesdetarde.com\/index.php\/wp-json\/wp\/v2\/media\/109929"}],"wp:attachment":[{"href":"https:\/\/corrientesdetarde.com\/index.php\/wp-json\/wp\/v2\/media?parent=109927"}],"wp:term":[{"taxonomy":"category","embeddable":true,"href":"https:\/\/corrientesdetarde.com\/index.php\/wp-json\/wp\/v2\/categories?post=109927"},{"taxonomy":"post_tag","embeddable":true,"href":"https:\/\/corrientesdetarde.com\/index.php\/wp-json\/wp\/v2\/tags?post=109927"}],"curies":[{"name":"wp","href":"https:\/\/api.w.org\/{rel}","templated":true}]}}