{"id":110329,"date":"2023-12-14T00:05:44","date_gmt":"2023-12-14T03:05:44","guid":{"rendered":"https:\/\/corrientesdetarde.com\/?p=110329"},"modified":"2023-12-14T00:05:55","modified_gmt":"2023-12-14T03:05:55","slug":"gonzalo-montiel-anuncio-que-sera-papa-junto-a-su-pareja-karina-nacucchio","status":"publish","type":"post","link":"https:\/\/corrientesdetarde.com\/index.php\/deportes\/gonzalo-montiel-anuncio-que-sera-papa-junto-a-su-pareja-karina-nacucchio\/","title":{"rendered":"Gonzalo Montiel anunci\u00f3 que ser\u00e1 pap\u00e1 junto a su pareja Karina Nacucchio"},"content":{"rendered":"\n<p>El defensor de la Selecci\u00f3n argentina lo comunic\u00f3 junto a su pareja a trav\u00e9s de redes sociales.<\/p>\n\n\n\n<figure class=\"wp-block-image\"><img decoding=\"async\" src=\"https:\/\/telefe-static2.akamaized.net\/media\/519420\/montiel.jpg?v=20231213182435000&amp;format=extraLarge&amp;width=929&amp;height=523&amp;mode=crop\" alt=\"e-card\"\/><\/figure>\n\n\n\n<p>El defensor de la Selecci\u00f3n argentina Gonzalo Montiel anunci\u00f3, en sus redes sociales, que ser\u00e1 pap\u00e1 por primera vez junto a su pareja Karina Nacucchio.<\/p>\n\n\n\n<p>A cinco d\u00edas de cumplirse el primer aniversario de la conquista de la Copa del Mundo de Qatar 2022 donde el ex jugador de River sentenci\u00f3 la final con su penal, el hoy jugador del Nottingham Forest ingl\u00e9s comparti\u00f3 el posteo de su pareja donde anunci\u00f3 que ser\u00e1n padres.<\/p>\n\n\n\n<p>Nacucchio, mediante una publicaci\u00f3n de Instagram, expres\u00f3: &#8220;SII !!! VAMOS A SER PAP\u00c1S !!!. Y al fin lo quiso Dios! No podemos expresar ni transmitir lo que nos est\u00e1 pasando.. tanta alegr\u00eda, felicidad, euforia por esta noticia, que la est\u00e1bamos esperando hace tiempo&#8221;.<\/p>\n\n\n\n<p>&#8220;Fue un a\u00f1o dif\u00edcil, no podemos negar que nos ca\u00edmos un poco por que fueron dos ilusiones que nos derrumbaron el mundo. Pero ac\u00e1 estamos locos por tu exigencia, por conocer tu carita, tus manitos, todo tu cuerpito bebito nuestro .. estamos contando los d\u00edas para darte todo el amor del mundo !!!. Queremos agradecer a cada persona que estuvo en nuestros d\u00edas grises y tambi\u00e9n ahora que ya sali\u00f3 el sol, GRACIAS! Y GRACIAS a Dios por escucharnos cada noche .. ac\u00e1 te esperamos mi amor, sos nuestra mayor ilusi\u00f3n \u2665\ufe0f Mami y papi. Juntos los 6&#8221; concluy\u00f3 la publicaci\u00f3n la pareja de Montiel.<\/p>\n","protected":false},"excerpt":{"rendered":"<p>El defensor de la Selecci\u00f3n argentina lo comunic\u00f3 junto a su pareja a trav\u00e9s de redes sociales. El defensor de la Selecci\u00f3n argentina Gonzalo Montiel anunci\u00f3, en sus redes sociales,&hellip; <\/p>\n","protected":false},"author":4,"featured_media":110330,"comment_status":"closed","ping_status":"open","sticky":false,"template":"","format":"standard","meta":{"footnotes":""},"categories":[4],"tags":[],"class_list":["post-110329","post","type-post","status-publish","format-standard","has-post-thumbnail","hentry","category-deportes"],"_links":{"self":[{"href":"https:\/\/corrientesdetarde.com\/index.php\/wp-json\/wp\/v2\/posts\/110329","targetHints":{"allow":["GET"]}}],"collection":[{"href":"https:\/\/corrientesdetarde.com\/index.php\/wp-json\/wp\/v2\/posts"}],"about":[{"href":"https:\/\/corrientesdetarde.com\/index.php\/wp-json\/wp\/v2\/types\/post"}],"author":[{"embeddable":true,"href":"https:\/\/corrientesdetarde.com\/index.php\/wp-json\/wp\/v2\/users\/4"}],"replies":[{"embeddable":true,"href":"https:\/\/corrientesdetarde.com\/index.php\/wp-json\/wp\/v2\/comments?post=110329"}],"version-history":[{"count":1,"href":"https:\/\/corrientesdetarde.com\/index.php\/wp-json\/wp\/v2\/posts\/110329\/revisions"}],"predecessor-version":[{"id":110331,"href":"https:\/\/corrientesdetarde.com\/index.php\/wp-json\/wp\/v2\/posts\/110329\/revisions\/110331"}],"wp:featuredmedia":[{"embeddable":true,"href":"https:\/\/corrientesdetarde.com\/index.php\/wp-json\/wp\/v2\/media\/110330"}],"wp:attachment":[{"href":"https:\/\/corrientesdetarde.com\/index.php\/wp-json\/wp\/v2\/media?parent=110329"}],"wp:term":[{"taxonomy":"category","embeddable":true,"href":"https:\/\/corrientesdetarde.com\/index.php\/wp-json\/wp\/v2\/categories?post=110329"},{"taxonomy":"post_tag","embeddable":true,"href":"https:\/\/corrientesdetarde.com\/index.php\/wp-json\/wp\/v2\/tags?post=110329"}],"curies":[{"name":"wp","href":"https:\/\/api.w.org\/{rel}","templated":true}]}}