{"id":110332,"date":"2023-12-14T00:13:35","date_gmt":"2023-12-14T03:13:35","guid":{"rendered":"https:\/\/corrientesdetarde.com\/?p=110332"},"modified":"2023-12-14T00:13:39","modified_gmt":"2023-12-14T03:13:39","slug":"gustavo-costas-vuelve-a-racing-llega-para-tener-su-tercer-paso-por-el-club","status":"publish","type":"post","link":"https:\/\/corrientesdetarde.com\/index.php\/deportes\/gustavo-costas-vuelve-a-racing-llega-para-tener-su-tercer-paso-por-el-club\/","title":{"rendered":"Gustavo Costas vuelve a Racing, llega para tener su tercer paso por el club"},"content":{"rendered":"\n<p>El entrenador llegar\u00e1 con los ayudantes Gonzalo Costas (analista) y Omar Pouso, y los preparadores f\u00edsicos Federico Costas y Cristian Angentieri.<\/p>\n\n\n\n<p>El ex director t\u00e9cnico de la selecci\u00f3n de&nbsp;<strong>Bolivia<\/strong>&nbsp;<strong>Gustavo<\/strong>&nbsp;<strong>Costas<\/strong>&nbsp;acord\u00f3 su llegada a&nbsp;<strong>Racing<\/strong>&nbsp;y tendr\u00e1 su tercer paso por el club de&nbsp;<strong>Avellaneda<\/strong>.<\/p>\n\n\n\n<p>A dos meses de la ida de Fernando Gago tras la derrota ante Independiente en el cl\u00e1sico y a pocos d\u00edas de la ruptura de contrato con la dupla interina de Sebasti\u00e1n Grazzini y Ezequiel Videla, un hombre de la casa vuelve a la &#8220;Academia&#8221;.<\/p>\n\n\n\n<p>Costas, que jug\u00f3 en Racing entre 1981 y 1989 saliendo campe\u00f3n en 1988 de la Supercopa y en un segundo paso entre 1992 y 1996, volver\u00e1 a ponerse el buzo de director t\u00e9cnico del club de Avellaneda luego de un pobre paso por la selecci\u00f3n de Bolivia,&nbsp;donde dirigi\u00f3 10 partidos en los cuales cosech\u00f3 ocho derrotas, un empate y s\u00f3lo una victoria ante Arabia Saudita en Yeda.<\/p>\n\n\n\n<p>Adem\u00e1s de Costas, el pr\u00f3ximo cuerpo t\u00e9cnico racinguista estar\u00eda conformado por los ayudantes Gonzalo Costas (analista) y Omar Pouso, y los preparadores f\u00edsicos Federico Costas y Cristian Angentieri.<\/p>\n\n\n\n<p>Este ser\u00e1 el tercer paso del entrenador de 60 a\u00f1os en Racing, ya que estuvo al frente del primer equipo entre 1999 y 2000 y en 2007.&nbsp;En ambas etapas, su performance fue irregular y, en la estad\u00edstica total, el ex jugador de Gimnasia de Jujuy dirigi\u00f3 74 partidos donde gan\u00f3 23, empat\u00f3 23 y perdi\u00f3 28.<\/p>\n\n\n\n<p>Desde su ida de la &#8220;Academia&#8221; en 2007, Costas tuvo dos experiencias laureadas en su carrera: Barcelona de Ecuador, donde se consagr\u00f3 campe\u00f3n de la Serie A en 2012, e Independiente Santa Fe donde gan\u00f3 dos Torneos Finalizaci\u00f3n, dos Superligas de Colombia y una Suruga Bank en Jap\u00f3n.<\/p>\n\n\n\n<p>A la espera de la confirmaci\u00f3n oficial por parte de las redes sociales del club, la llegada de uno de los \u00eddolos de Racing le da aire a la dirigencia luego de un 2023 complicado.<\/p>\n\n\n\n<p>Se trata de un hombre de la casa, con la espalda y el apoyo que tendr\u00e1 el campe\u00f3n del \u00faltimo t\u00edtulo internacional de los de Avellaneda, ser\u00e1 una bocanada de aire fresco para barajar y dar de vuelta en un 2024 que, para Racing, finalizar\u00e1 con elecciones presidenciales en el club.<\/p>\n","protected":false},"excerpt":{"rendered":"<p>El entrenador llegar\u00e1 con los ayudantes Gonzalo Costas (analista) y Omar Pouso, y los preparadores f\u00edsicos Federico Costas y Cristian Angentieri. El ex director t\u00e9cnico de la selecci\u00f3n de&nbsp;Bolivia&nbsp;Gustavo&nbsp;Costas&nbsp;acord\u00f3 su&hellip; <\/p>\n","protected":false},"author":4,"featured_media":110333,"comment_status":"closed","ping_status":"open","sticky":false,"template":"","format":"standard","meta":{"footnotes":""},"categories":[4],"tags":[],"class_list":["post-110332","post","type-post","status-publish","format-standard","has-post-thumbnail","hentry","category-deportes"],"_links":{"self":[{"href":"https:\/\/corrientesdetarde.com\/index.php\/wp-json\/wp\/v2\/posts\/110332","targetHints":{"allow":["GET"]}}],"collection":[{"href":"https:\/\/corrientesdetarde.com\/index.php\/wp-json\/wp\/v2\/posts"}],"about":[{"href":"https:\/\/corrientesdetarde.com\/index.php\/wp-json\/wp\/v2\/types\/post"}],"author":[{"embeddable":true,"href":"https:\/\/corrientesdetarde.com\/index.php\/wp-json\/wp\/v2\/users\/4"}],"replies":[{"embeddable":true,"href":"https:\/\/corrientesdetarde.com\/index.php\/wp-json\/wp\/v2\/comments?post=110332"}],"version-history":[{"count":1,"href":"https:\/\/corrientesdetarde.com\/index.php\/wp-json\/wp\/v2\/posts\/110332\/revisions"}],"predecessor-version":[{"id":110334,"href":"https:\/\/corrientesdetarde.com\/index.php\/wp-json\/wp\/v2\/posts\/110332\/revisions\/110334"}],"wp:featuredmedia":[{"embeddable":true,"href":"https:\/\/corrientesdetarde.com\/index.php\/wp-json\/wp\/v2\/media\/110333"}],"wp:attachment":[{"href":"https:\/\/corrientesdetarde.com\/index.php\/wp-json\/wp\/v2\/media?parent=110332"}],"wp:term":[{"taxonomy":"category","embeddable":true,"href":"https:\/\/corrientesdetarde.com\/index.php\/wp-json\/wp\/v2\/categories?post=110332"},{"taxonomy":"post_tag","embeddable":true,"href":"https:\/\/corrientesdetarde.com\/index.php\/wp-json\/wp\/v2\/tags?post=110332"}],"curies":[{"name":"wp","href":"https:\/\/api.w.org\/{rel}","templated":true}]}}