{"id":110335,"date":"2023-12-14T00:15:50","date_gmt":"2023-12-14T03:15:50","guid":{"rendered":"https:\/\/corrientesdetarde.com\/?p=110335"},"modified":"2023-12-14T00:23:32","modified_gmt":"2023-12-14T03:23:32","slug":"dan-a-conocer-detalles-del-operativo-de-seguridad-para-la-final-de-esta-noche-de-la-copa-argentina","status":"publish","type":"post","link":"https:\/\/corrientesdetarde.com\/index.php\/deportes\/dan-a-conocer-detalles-del-operativo-de-seguridad-para-la-final-de-esta-noche-de-la-copa-argentina\/","title":{"rendered":"Dan a conocer detalles del operativo de seguridad para la final de esta noche de la Copa Argentina"},"content":{"rendered":"\n<p>El titular de la Aprevide, Eduardo Aparicio, confirm\u00f3 hoy que el operativo de la Final de Copa Argentina de esta noche entre Estudiantes de La Plata y Defensa y Justicia contar\u00e1 con unos 800 efectivos de la Polic\u00eda de la Provincia de Buenos Aires, 500 efectivos de la Unidad T\u00e1ctica de Operaciones Inmediatas (UTOI) y 120 de seguridad privada.<\/p>\n\n\n\n<p>A eso se sumar\u00e1n 60 empleados de la Uni\u00f3n Trabajadores de Entidades Deportivas y Civiles (UTEDyC).<br>&#8220;Ser\u00e1 la primera vez que una final de Copa Argentina se jugar\u00e1 en la Provincia de Buenos Aires y para nosotros es un gran orgullo y una inmensa responsabilidad organizarla&#8221;, dijo el funcionario bonaerense en declaraciones a la prensa.<\/p>\n\n\n\n<p>Aparicio tambi\u00e9n felicit\u00f3 a ambos finalistas &#8220;por el camino recorrido&#8221; y, desde su lugar, pidi\u00f3 los que ir\u00e1n al partido que lo vivan &#8220;como lo que es, una gran fiesta popular con dos hinchadas en un estadio fabuloso como el de Lan\u00fas&#8221;.<\/p>\n\n\n\n<p>Sobre la apertura del estadio Ciudad de Lan\u00fas ser\u00e1 a partir de las 18, en tanto record\u00f3 que no habr\u00e1 expendio de entradas en las boleter\u00edas de la cancha del &#8220;Granate&#8221;.<\/p>\n\n\n\n<p>Otro detalle que aclar\u00f3 Aparicio fue que los hinchas del &#8220;Halc\u00f3n&#8221; de Varela ocupar\u00e1n la tribuna popular &#8220;Solito&#8221; por el acceso de calle Esqui\u00fa y Purita, ingreso por Puerta 9 para sector platea y general.<\/p>\n\n\n\n<p>En tanto, los hinchas del &#8220;Pincha&#8221; se ubicar\u00e1n en la tribuna popular con acceso por Avenida Madariaga y Cabrero, Puerta 3. Ingreso a platea por Puerta 5, y palcos Puerta 6.<\/p>\n","protected":false},"excerpt":{"rendered":"<p>El titular de la Aprevide, Eduardo Aparicio, confirm\u00f3 hoy que el operativo de la Final de Copa Argentina de esta noche entre Estudiantes de La Plata y Defensa y Justicia&hellip; <\/p>\n","protected":false},"author":4,"featured_media":110338,"comment_status":"closed","ping_status":"open","sticky":false,"template":"","format":"standard","meta":{"footnotes":""},"categories":[4],"tags":[],"class_list":["post-110335","post","type-post","status-publish","format-standard","has-post-thumbnail","hentry","category-deportes"],"_links":{"self":[{"href":"https:\/\/corrientesdetarde.com\/index.php\/wp-json\/wp\/v2\/posts\/110335","targetHints":{"allow":["GET"]}}],"collection":[{"href":"https:\/\/corrientesdetarde.com\/index.php\/wp-json\/wp\/v2\/posts"}],"about":[{"href":"https:\/\/corrientesdetarde.com\/index.php\/wp-json\/wp\/v2\/types\/post"}],"author":[{"embeddable":true,"href":"https:\/\/corrientesdetarde.com\/index.php\/wp-json\/wp\/v2\/users\/4"}],"replies":[{"embeddable":true,"href":"https:\/\/corrientesdetarde.com\/index.php\/wp-json\/wp\/v2\/comments?post=110335"}],"version-history":[{"count":1,"href":"https:\/\/corrientesdetarde.com\/index.php\/wp-json\/wp\/v2\/posts\/110335\/revisions"}],"predecessor-version":[{"id":110337,"href":"https:\/\/corrientesdetarde.com\/index.php\/wp-json\/wp\/v2\/posts\/110335\/revisions\/110337"}],"wp:featuredmedia":[{"embeddable":true,"href":"https:\/\/corrientesdetarde.com\/index.php\/wp-json\/wp\/v2\/media\/110338"}],"wp:attachment":[{"href":"https:\/\/corrientesdetarde.com\/index.php\/wp-json\/wp\/v2\/media?parent=110335"}],"wp:term":[{"taxonomy":"category","embeddable":true,"href":"https:\/\/corrientesdetarde.com\/index.php\/wp-json\/wp\/v2\/categories?post=110335"},{"taxonomy":"post_tag","embeddable":true,"href":"https:\/\/corrientesdetarde.com\/index.php\/wp-json\/wp\/v2\/tags?post=110335"}],"curies":[{"name":"wp","href":"https:\/\/api.w.org\/{rel}","templated":true}]}}