{"id":110342,"date":"2023-12-14T00:30:45","date_gmt":"2023-12-14T03:30:45","guid":{"rendered":"https:\/\/corrientesdetarde.com\/?p=110342"},"modified":"2023-12-14T00:30:56","modified_gmt":"2023-12-14T03:30:56","slug":"declaro-el-hombre-que-le-tiro-una-botella-a-milei-estaba-borracho-no-se-que-se-me-paso-por-la-cabeza","status":"publish","type":"post","link":"https:\/\/corrientesdetarde.com\/index.php\/actualidad\/declaro-el-hombre-que-le-tiro-una-botella-a-milei-estaba-borracho-no-se-que-se-me-paso-por-la-cabeza\/","title":{"rendered":"Declar\u00f3 el hombre que le tir\u00f3 una botella a Milei: &#8220;Estaba borracho, no s\u00e9 qu\u00e9 se me pas\u00f3 por la cabeza&#8221;"},"content":{"rendered":"\n<p>&#8220;Me arrepiento, no quise atentar contras el Presidente&#8221;, asegur\u00f3 Mercanzini ante el juez federal Ariel Lijo.<\/p>\n\n\n\n<p>Gast\u00f3n Mercanzini, el hombre detenido acusado de haberle arrojado una botella a la caravana del presidente de la Naci\u00f3n, Javier Milei, asegur\u00f3&nbsp;este mi\u00e9rcoles&nbsp;que no quiso atentar contra el jefe de Estado y revel\u00f3 que &#8220;estaba borracho&#8221;.<\/p>\n\n\n\n<p>&#8220;Tir\u00e9 esa botella sin ver si le pegaba a alguien o d\u00f3nde estaba espec\u00edficamente el Presidente, la tir\u00e9 para esa zona&#8221;, dijo Mercanzini ante el juez federal Ariel Lijo, quien lo indag\u00f3 luego de ser detenido este martes.<\/p>\n\n\n\n<p>El acusado explic\u00f3 que ven\u00eda atravesando una situaci\u00f3n personal muy dif\u00edcil por el consumo de drogas, la falta de trabajo, y que estaba pr\u00e1cticamente viviendo en la calle en Buenos Aires, sumado a que estaba alejado de sus hijos tras divorciarse.<\/p>\n\n\n\n<p>\u00c9l mismo record\u00f3 los antecedentes de &#8220;violencia de g\u00e9nero&#8221; que tuvo y de &#8220;da\u00f1o&#8221; por romper una camioneta del Gobierno de la Ciudad.<\/p>\n\n\n\n<p>&#8220;El 10, el d\u00eda del episodio, estaba borracho, no s\u00e9 qu\u00e9 se me cruz\u00f3 por la cabeza. Estaba dolido al escuchar que para el presidente electo el plan de convertibilidad era bueno, me afect\u00f3 mucho eso. Escuchar en la plaza que la gente aplaud\u00eda que estamos mal pero que la vamos a pasar peor, que los falcon verdes. Yo no ve\u00eda donde estaba el auto, solo los gorritos de los granaderos&#8221;, indic\u00f3.<\/p>\n\n\n\n<p>Asimismo, a\u00f1adi\u00f3: &#8220;Me arrepiento, nunca hice una cosa as\u00ed, no quise atentar contra el Presidente, todo indica que s\u00ed, si lo hubiera querido hacer me pon\u00eda gorra y barbijo. No med\u00ed las consecuencias, bronca por todo lo que pasa, y todo lo que me pasa a m\u00ed. No apruebo lo que hice le pido mil disculpas al oficial que lastim\u00e9 y a todos sus familiares que vieron ese episodio por televisi\u00f3n, no quise lastimar a nadie, al otro d\u00eda me di cuenta lo que pas\u00f3&#8221;.<\/p>\n\n\n\n<p>&#8220;Lo \u00fanico que quiero es pedir disculpas por lo que hice y donde est\u00e9 detenido voy a pedir asistencia psicol\u00f3gica&#8221;, precis\u00f3.<\/p>\n\n\n\n<p>Asimismo, se\u00f1al\u00f3 que fue al lugar &#8220;para ver qu\u00e9 pasaba&#8221; con la asunci\u00f3n de Milei.<\/p>\n\n\n\n<p>&#8220;Quiero pedirle disculpas al Presidente y a su hermana. No quise lastimar a nadie, no tuve ninguna intenci\u00f3n de hacerlo. Yo no tengo militancia pol\u00edtica, las fotos que aparecieron en los medios con dirigentes pol\u00edticos me las saqu\u00e9 de cholulo, ni me conocen ellos a m\u00ed&#8221;, afirm\u00f3, en relaci\u00f3n a que cuando se conoci\u00f3 su identidad salieron fotos suyas con varios funcionarios kirchneristas.<\/p>\n\n\n\n<p>Lijo ahora tiene diez d\u00edas para resolver su situaci\u00f3n procesal pero por ahora seguir\u00e1 detenido hasta entonces.<\/p>\n","protected":false},"excerpt":{"rendered":"<p>&#8220;Me arrepiento, no quise atentar contras el Presidente&#8221;, asegur\u00f3 Mercanzini ante el juez federal Ariel Lijo. Gast\u00f3n Mercanzini, el hombre detenido acusado de haberle arrojado una botella a la caravana&hellip; <\/p>\n","protected":false},"author":4,"featured_media":110343,"comment_status":"closed","ping_status":"open","sticky":false,"template":"","format":"standard","meta":{"footnotes":""},"categories":[23],"tags":[],"class_list":["post-110342","post","type-post","status-publish","format-standard","has-post-thumbnail","hentry","category-actualidad"],"_links":{"self":[{"href":"https:\/\/corrientesdetarde.com\/index.php\/wp-json\/wp\/v2\/posts\/110342","targetHints":{"allow":["GET"]}}],"collection":[{"href":"https:\/\/corrientesdetarde.com\/index.php\/wp-json\/wp\/v2\/posts"}],"about":[{"href":"https:\/\/corrientesdetarde.com\/index.php\/wp-json\/wp\/v2\/types\/post"}],"author":[{"embeddable":true,"href":"https:\/\/corrientesdetarde.com\/index.php\/wp-json\/wp\/v2\/users\/4"}],"replies":[{"embeddable":true,"href":"https:\/\/corrientesdetarde.com\/index.php\/wp-json\/wp\/v2\/comments?post=110342"}],"version-history":[{"count":1,"href":"https:\/\/corrientesdetarde.com\/index.php\/wp-json\/wp\/v2\/posts\/110342\/revisions"}],"predecessor-version":[{"id":110344,"href":"https:\/\/corrientesdetarde.com\/index.php\/wp-json\/wp\/v2\/posts\/110342\/revisions\/110344"}],"wp:featuredmedia":[{"embeddable":true,"href":"https:\/\/corrientesdetarde.com\/index.php\/wp-json\/wp\/v2\/media\/110343"}],"wp:attachment":[{"href":"https:\/\/corrientesdetarde.com\/index.php\/wp-json\/wp\/v2\/media?parent=110342"}],"wp:term":[{"taxonomy":"category","embeddable":true,"href":"https:\/\/corrientesdetarde.com\/index.php\/wp-json\/wp\/v2\/categories?post=110342"},{"taxonomy":"post_tag","embeddable":true,"href":"https:\/\/corrientesdetarde.com\/index.php\/wp-json\/wp\/v2\/tags?post=110342"}],"curies":[{"name":"wp","href":"https:\/\/api.w.org\/{rel}","templated":true}]}}