{"id":110354,"date":"2023-12-14T00:51:43","date_gmt":"2023-12-14T03:51:43","guid":{"rendered":"https:\/\/corrientesdetarde.com\/?p=110354"},"modified":"2023-12-14T00:51:55","modified_gmt":"2023-12-14T03:51:55","slug":"francisco-admitio-que-estaria-dispuesto-a-dimitir-si-su-salud-empeorara-extremadamente","status":"publish","type":"post","link":"https:\/\/corrientesdetarde.com\/index.php\/internacionales\/francisco-admitio-que-estaria-dispuesto-a-dimitir-si-su-salud-empeorara-extremadamente\/","title":{"rendered":"Francisco admiti\u00f3 que estar\u00eda dispuesto a dimitir si su salud empeorara extremadamente"},"content":{"rendered":"\n<p>El papa&nbsp;<strong>Francisco<\/strong>&nbsp;afirm\u00f3 que estar\u00eda dispuesto a dimitir -como lo hizo Benedicto en 2013-&nbsp;<strong>si su salud empeora extremadamente<\/strong>, pero tambi\u00e9n cree que las renuncias papales no deber\u00edan convertirse en la norma.<\/p>\n\n\n\n<p>Reconoci\u00f3 que desde la muerte de<strong>&nbsp;Benedicto XVI<\/strong>, hace un a\u00f1o, quiz\u00e1s se hab\u00eda vuelto menos paciente y m\u00e1s firme con sus cr\u00edticos conservadores m\u00e1s estridentes, que ve\u00edan al difunto Papa como su abandonado, diciendo que a veces<strong>&nbsp;&#8220;hay algunos a los que hay que plantar cara un poco&#8221;.<\/strong><\/p>\n\n\n\n<p>El Santo Padre tom\u00f3 medidas disciplinarias contra dos prelados conservadores estadounidenses el mes pasado.<\/p>\n\n\n\n<p>Preguntado por su salud, dijo: &#8220;Me siento bien, me siento mejor.<strong>&nbsp;A veces me dicen que no soy prudente porque tengo ganas de hacer cosas y de moverme.<\/strong>&nbsp;Supongo que son buenas se\u00f1ales, \u00bfno? Estoy bastante bien&#8221;.<\/p>\n\n\n\n<p>La bronquitis oblig\u00f3 a Francisco a cancelar un viaje a Dub\u00e1i este mes para asistir a la cumbre clim\u00e1tica COP28.&nbsp;<strong>En junio fue operado de una hernia abdominal<\/strong>&nbsp;y parece haberse recuperado completamente de la intervenci\u00f3n.<\/p>\n\n\n\n<p>Afirm\u00f3 que esperaba hacer tres viajes el pr\u00f3ximo a\u00f1o, a alg\u00fan lugar de la Polinesia, a B\u00e9lgica y a su Argentina natal (probablemente en abril de 2024) para su primera visita all\u00ed desde su elecci\u00f3n en 2013.<\/p>\n","protected":false},"excerpt":{"rendered":"<p>El papa&nbsp;Francisco&nbsp;afirm\u00f3 que estar\u00eda dispuesto a dimitir -como lo hizo Benedicto en 2013-&nbsp;si su salud empeora extremadamente, pero tambi\u00e9n cree que las renuncias papales no deber\u00edan convertirse en la norma.&hellip; <\/p>\n","protected":false},"author":4,"featured_media":110355,"comment_status":"closed","ping_status":"open","sticky":false,"template":"","format":"standard","meta":{"footnotes":""},"categories":[11],"tags":[],"class_list":["post-110354","post","type-post","status-publish","format-standard","has-post-thumbnail","hentry","category-internacionales"],"_links":{"self":[{"href":"https:\/\/corrientesdetarde.com\/index.php\/wp-json\/wp\/v2\/posts\/110354","targetHints":{"allow":["GET"]}}],"collection":[{"href":"https:\/\/corrientesdetarde.com\/index.php\/wp-json\/wp\/v2\/posts"}],"about":[{"href":"https:\/\/corrientesdetarde.com\/index.php\/wp-json\/wp\/v2\/types\/post"}],"author":[{"embeddable":true,"href":"https:\/\/corrientesdetarde.com\/index.php\/wp-json\/wp\/v2\/users\/4"}],"replies":[{"embeddable":true,"href":"https:\/\/corrientesdetarde.com\/index.php\/wp-json\/wp\/v2\/comments?post=110354"}],"version-history":[{"count":1,"href":"https:\/\/corrientesdetarde.com\/index.php\/wp-json\/wp\/v2\/posts\/110354\/revisions"}],"predecessor-version":[{"id":110356,"href":"https:\/\/corrientesdetarde.com\/index.php\/wp-json\/wp\/v2\/posts\/110354\/revisions\/110356"}],"wp:featuredmedia":[{"embeddable":true,"href":"https:\/\/corrientesdetarde.com\/index.php\/wp-json\/wp\/v2\/media\/110355"}],"wp:attachment":[{"href":"https:\/\/corrientesdetarde.com\/index.php\/wp-json\/wp\/v2\/media?parent=110354"}],"wp:term":[{"taxonomy":"category","embeddable":true,"href":"https:\/\/corrientesdetarde.com\/index.php\/wp-json\/wp\/v2\/categories?post=110354"},{"taxonomy":"post_tag","embeddable":true,"href":"https:\/\/corrientesdetarde.com\/index.php\/wp-json\/wp\/v2\/tags?post=110354"}],"curies":[{"name":"wp","href":"https:\/\/api.w.org\/{rel}","templated":true}]}}