{"id":110358,"date":"2023-12-14T08:21:52","date_gmt":"2023-12-14T11:21:52","guid":{"rendered":"https:\/\/corrientesdetarde.com\/?p=110358"},"modified":"2023-12-14T11:03:01","modified_gmt":"2023-12-14T14:03:01","slug":"el-pronostico-del-tiempo-para-hoy-jueves-14-de-diciembre","status":"publish","type":"post","link":"https:\/\/corrientesdetarde.com\/index.php\/locales\/el-pronostico-del-tiempo-para-hoy-jueves-14-de-diciembre\/","title":{"rendered":"Alerta naranja: Tormentas en Corrientes Capital"},"content":{"rendered":"\n<p>El Servicio Metereol\u00f3gico Nacional (SMN) emiti\u00f3 un alerta naranja por tormentas fuertes. Rige para&nbsp;Ber\u00f3n de Astrada, Capital, Empedrado, General Paz, Itat\u00ed, Mburucuy\u00e1, Saladas, San Cosme y San Luis del Palmar.<\/p>\n\n\n\n<p>Tambi\u00e9n emiti\u00f3 un aviso a muy corto plazo por tormentas y fuertes rafagas de viento para Bella Vista, Concepcion, Empedrado, Saladas y San Roque. Pese a las precipitaciones, las temperaturas no bajar\u00e1n. En la ciudad de Corrientes, hay 24.3\u00b0C y la m\u00e1xima es de 36\u00b0C.<\/p>\n\n\n\n<figure class=\"wp-block-image size-full\"><img loading=\"lazy\" decoding=\"async\" width=\"876\" height=\"267\" src=\"https:\/\/corrientesdetarde.com\/wp-content\/uploads\/2023\/12\/111.png\" alt=\"\" class=\"wp-image-110360\" srcset=\"https:\/\/corrientesdetarde.com\/wp-content\/uploads\/2023\/12\/111.png 876w, https:\/\/corrientesdetarde.com\/wp-content\/uploads\/2023\/12\/111-300x91.png 300w, https:\/\/corrientesdetarde.com\/wp-content\/uploads\/2023\/12\/111-768x234.png 768w\" sizes=\"auto, (max-width: 876px) 100vw, 876px\" \/><\/figure>\n\n\n\n<figure class=\"wp-block-image size-full\"><img loading=\"lazy\" decoding=\"async\" width=\"870\" height=\"394\" src=\"https:\/\/corrientesdetarde.com\/wp-content\/uploads\/2023\/12\/222.png\" alt=\"\" class=\"wp-image-110361\" srcset=\"https:\/\/corrientesdetarde.com\/wp-content\/uploads\/2023\/12\/222.png 870w, https:\/\/corrientesdetarde.com\/wp-content\/uploads\/2023\/12\/222-300x136.png 300w, https:\/\/corrientesdetarde.com\/wp-content\/uploads\/2023\/12\/222-768x348.png 768w\" sizes=\"auto, (max-width: 870px) 100vw, 870px\" \/><\/figure>\n\n\n\n<p><\/p>\n\n\n\n<figure class=\"wp-block-image size-full\"><img loading=\"lazy\" decoding=\"async\" width=\"873\" height=\"297\" src=\"https:\/\/corrientesdetarde.com\/wp-content\/uploads\/2023\/12\/333.png\" alt=\"\" class=\"wp-image-110362\" srcset=\"https:\/\/corrientesdetarde.com\/wp-content\/uploads\/2023\/12\/333.png 873w, https:\/\/corrientesdetarde.com\/wp-content\/uploads\/2023\/12\/333-300x102.png 300w, https:\/\/corrientesdetarde.com\/wp-content\/uploads\/2023\/12\/333-768x261.png 768w\" sizes=\"auto, (max-width: 873px) 100vw, 873px\" \/><\/figure>\n\n\n\n<p>Fuente:https:\/\/weather.com\/es-AR<\/p>\n","protected":false},"excerpt":{"rendered":"<p>El Servicio Metereol\u00f3gico Nacional (SMN) emiti\u00f3 un alerta naranja por tormentas fuertes. Rige para&nbsp;Ber\u00f3n de Astrada, Capital, Empedrado, General Paz, Itat\u00ed, Mburucuy\u00e1, Saladas, San Cosme y San Luis del Palmar.&hellip; <\/p>\n","protected":false},"author":12,"featured_media":108449,"comment_status":"closed","ping_status":"open","sticky":false,"template":"","format":"standard","meta":{"footnotes":""},"categories":[8],"tags":[],"class_list":["post-110358","post","type-post","status-publish","format-standard","has-post-thumbnail","hentry","category-locales"],"_links":{"self":[{"href":"https:\/\/corrientesdetarde.com\/index.php\/wp-json\/wp\/v2\/posts\/110358","targetHints":{"allow":["GET"]}}],"collection":[{"href":"https:\/\/corrientesdetarde.com\/index.php\/wp-json\/wp\/v2\/posts"}],"about":[{"href":"https:\/\/corrientesdetarde.com\/index.php\/wp-json\/wp\/v2\/types\/post"}],"author":[{"embeddable":true,"href":"https:\/\/corrientesdetarde.com\/index.php\/wp-json\/wp\/v2\/users\/12"}],"replies":[{"embeddable":true,"href":"https:\/\/corrientesdetarde.com\/index.php\/wp-json\/wp\/v2\/comments?post=110358"}],"version-history":[{"count":2,"href":"https:\/\/corrientesdetarde.com\/index.php\/wp-json\/wp\/v2\/posts\/110358\/revisions"}],"predecessor-version":[{"id":110440,"href":"https:\/\/corrientesdetarde.com\/index.php\/wp-json\/wp\/v2\/posts\/110358\/revisions\/110440"}],"wp:featuredmedia":[{"embeddable":true,"href":"https:\/\/corrientesdetarde.com\/index.php\/wp-json\/wp\/v2\/media\/108449"}],"wp:attachment":[{"href":"https:\/\/corrientesdetarde.com\/index.php\/wp-json\/wp\/v2\/media?parent=110358"}],"wp:term":[{"taxonomy":"category","embeddable":true,"href":"https:\/\/corrientesdetarde.com\/index.php\/wp-json\/wp\/v2\/categories?post=110358"},{"taxonomy":"post_tag","embeddable":true,"href":"https:\/\/corrientesdetarde.com\/index.php\/wp-json\/wp\/v2\/tags?post=110358"}],"curies":[{"name":"wp","href":"https:\/\/api.w.org\/{rel}","templated":true}]}}