{"id":11048,"date":"2022-10-13T22:16:43","date_gmt":"2022-10-14T01:16:43","guid":{"rendered":"https:\/\/corrientesdetarde.com\/?p=11048"},"modified":"2022-10-13T22:16:47","modified_gmt":"2022-10-14T01:16:47","slug":"macri-confirmo-que-no-competira-en-las-elecciones-presidenciales-de-2023","status":"publish","type":"post","link":"https:\/\/corrientesdetarde.com\/index.php\/politica\/macri-confirmo-que-no-competira-en-las-elecciones-presidenciales-de-2023\/","title":{"rendered":"Macri confirm\u00f3 que no competir\u00e1 en las elecciones presidenciales de 2023"},"content":{"rendered":"\n<p>El ex presidente Mauricio Macri confirm\u00f3 que no competir\u00e1 en las elecciones presidenciales de 2023, ya que subray\u00f3 que &#8220;es el momento de pelear por las ideas y los valores, no por la propia&#8221;.<\/p>\n\n\n\n<p>Asimismo, asegur\u00f3 que &#8220;hoy no gobierna nadie&#8221; la Argentina, &#8220;ni Alberto Fern\u00e1ndez, ni Cristina Kirchner, ni Sergio Massa&#8221;, y consider\u00f3 que la gesti\u00f3n del Frente de Todos &#8220;solamente transcurre, generando parches&#8221;.<\/p>\n\n\n\n<p>&#8220;Juntos por el Cambio adquiri\u00f3 experiencia, tiene vitalidad y va a tener un mandato global, porque en 2015 hab\u00eda mucha negaci\u00f3n de la realidad. Ahora todos tomamos consciencia de que esa joda de vivir de arriba ten\u00eda patas cortas y ahora hay que volver a trabajar&#8221;, sostuvo el ex mandatario.<\/p>\n\n\n\n<p>Al ser consultado sobre si ser\u00e1 precandidato a Presidente en las internas de la alianza opositora, el l\u00edder del PRO admiti\u00f3: &#8220;No me he anotado. Creo que es el momento de pelear por las ideas y los valores, no por la propia&#8221;.<\/p>\n\n\n\n<p>&#8220;Estoy en la cancha, siempre voy a estar en la cancha. No le voy a abandonar a la gente. Siento que sembr\u00e9, puse la semilla, pero ahora el \u00e1rbol es de todos los argentinos&#8221;, se\u00f1al\u00f3.<\/p>\n\n\n\n<p>Asimismo, se refiri\u00f3 a la posibilidad de que se suspendan las elecciones Primarias, Abiertas, Simult\u00e1neas y Obligatorias (PASO): &#8220;Es cambiar las reglas en el medio del partido. No es serio. \u00c9so es lo que nos condena. Igual, si las suspenden, Juntos por el Cambio va a hacer su interna, con boleta \u00fanica&#8221;. &#8220;Los primeros que tenemos que dar el ejemplo de que tenemos que competir somos los de Juntos por el Cambio&#8221;, agreg\u00f3 Macri.<\/p>\n\n\n\n<p>El ex jefe de Estado remarc\u00f3 que la alianza opositora tiene que &#8220;mostrar que el cambio va a ir en serio, con profundidad, con convicci\u00f3n&#8221;.<\/p>\n\n\n\n<p>E insisti\u00f3: &#8220;Se viene un cambio muy, pero muy profundo en la Argentina. El a\u00f1o que viene vamos a empezar una nueva era y necesitamos que los j\u00f3venes nos acompa\u00f1en, porque sino nada tiene sentido&#8221;.<\/p>\n\n\n\n<p><strong>Macri critic\u00f3 al gobierno de Alberto Fern\u00e1ndez<\/strong><\/p>\n\n\n\n<p>Por otra parte, Macri analiz\u00f3 la gesti\u00f3n del Frente de Todos y afirm\u00f3 que &#8220;hoy no gobierna nadie, ni Alberto Fern\u00e1ndez, ni Cristina Kirchner, ni Massa: hoy solamente transcurren, generando parches, tratando que no se le acaben los d\u00f3lares&#8221;.<\/p>\n\n\n\n<p>En di\u00e1logo con Radio Mitre C\u00f3rdoba, el l\u00edder del PRO se quej\u00f3 de que &#8220;no hay plan, no hay rumbo y eso gener\u00f3 una p\u00e9rdida total de la confianza. Sin confianza el motor de la inversi\u00f3n que te lleva al empleo no se genera&#8221;. Ante ese an\u00e1lisis, reclam\u00f3 al Gobierno que siente a su equipo econ\u00f3mico para &#8220;corregir los desbarajustes&#8221;.<\/p>\n\n\n\n<p>&#8220;Si a m\u00ed me dejaron el pa\u00eds en el tercer subsuelo, el a\u00f1o que viene lo van a dejar en el s\u00e9ptimo subsuelo: inflaci\u00f3n de m\u00e1s del 100%, un gasto imposible, empresas p\u00fablicas perdiendo fortunas, tarifas en el 15% de lo que valen. Todo patas para arriba de vuelta, como en 2015, pero peor&#8221;, se quej\u00f3.<\/p>\n\n\n\n<p>Y continu\u00f3: &#8220;No soy optimista sobre el presente, pero s\u00ed sobre el futuro, porque hay claridad. Lo que cambi\u00f3 somos los argentinos, que empezaron a ver con claridad que si no apostamos a la cultura del trabajo, una sociedad meritocr\u00e1tica, competir, que cada uno encuentre su lugar y sea protagonista, que pongamos al Estado en un lugar donde no nos sofoque&#8221;.<\/p>\n\n\n\n<p>En otro mensaje en clave electoral, el ex mandatario pidi\u00f3 a la poblaci\u00f3n &#8220;no creerle m\u00e1s a los vendedores de asado gratis y espejitos de colores, que se han robado el futuro con ideas que han fracaso en todas partes del mundo&#8221;.<\/p>\n\n\n\n<p>Por otra parte, Macri tambi\u00e9n se refiri\u00f3 a la cantidad de planes sociales que hay en la actualidad y asegur\u00f3 que para desarmar esa situaci\u00f3n se necesita &#8220;capacitaci\u00f3n y generaci\u00f3n de empleo, que viene de la mano de la inversi\u00f3n y para eso tiene que haber confianza y ser previsibles&#8221;.<\/p>\n\n\n\n<p>&#8220;Pero nadie va a venir a invertir en un pa\u00eds donde Pablo Moyano hace lo que quiere, el sindicato de los neum\u00e1ticos hace lo que quiere, en los puertos est\u00e1n pasando barbaridades, el de la lecher\u00eda cierra plantas, el Pata Medina maneja la construcci\u00f3n de una ciudad como La Plata, donde hay mapuches que ni siquiera son mapuches y ni siquiera son pueblos originarios, porque son de Chile, y le queman la propiedad a la gente&#8221;, concluy\u00f3.<\/p>\n","protected":false},"excerpt":{"rendered":"<p>El ex presidente Mauricio Macri confirm\u00f3 que no competir\u00e1 en las elecciones presidenciales de 2023, ya que subray\u00f3 que &#8220;es el momento de pelear por las ideas y los valores,&hellip; <\/p>\n","protected":false},"author":1,"featured_media":11051,"comment_status":"closed","ping_status":"open","sticky":false,"template":"","format":"standard","meta":{"footnotes":""},"categories":[3],"tags":[],"class_list":["post-11048","post","type-post","status-publish","format-standard","has-post-thumbnail","hentry","category-politica"],"_links":{"self":[{"href":"https:\/\/corrientesdetarde.com\/index.php\/wp-json\/wp\/v2\/posts\/11048","targetHints":{"allow":["GET"]}}],"collection":[{"href":"https:\/\/corrientesdetarde.com\/index.php\/wp-json\/wp\/v2\/posts"}],"about":[{"href":"https:\/\/corrientesdetarde.com\/index.php\/wp-json\/wp\/v2\/types\/post"}],"author":[{"embeddable":true,"href":"https:\/\/corrientesdetarde.com\/index.php\/wp-json\/wp\/v2\/users\/1"}],"replies":[{"embeddable":true,"href":"https:\/\/corrientesdetarde.com\/index.php\/wp-json\/wp\/v2\/comments?post=11048"}],"version-history":[{"count":1,"href":"https:\/\/corrientesdetarde.com\/index.php\/wp-json\/wp\/v2\/posts\/11048\/revisions"}],"predecessor-version":[{"id":11052,"href":"https:\/\/corrientesdetarde.com\/index.php\/wp-json\/wp\/v2\/posts\/11048\/revisions\/11052"}],"wp:featuredmedia":[{"embeddable":true,"href":"https:\/\/corrientesdetarde.com\/index.php\/wp-json\/wp\/v2\/media\/11051"}],"wp:attachment":[{"href":"https:\/\/corrientesdetarde.com\/index.php\/wp-json\/wp\/v2\/media?parent=11048"}],"wp:term":[{"taxonomy":"category","embeddable":true,"href":"https:\/\/corrientesdetarde.com\/index.php\/wp-json\/wp\/v2\/categories?post=11048"},{"taxonomy":"post_tag","embeddable":true,"href":"https:\/\/corrientesdetarde.com\/index.php\/wp-json\/wp\/v2\/tags?post=11048"}],"curies":[{"name":"wp","href":"https:\/\/api.w.org\/{rel}","templated":true}]}}