{"id":110498,"date":"2023-12-14T13:48:45","date_gmt":"2023-12-14T16:48:45","guid":{"rendered":"https:\/\/corrientesdetarde.com\/?p=110498"},"modified":"2023-12-14T13:48:57","modified_gmt":"2023-12-14T16:48:57","slug":"el-gobierno-acordo-con-un-organismo-internacional-un-prestamo-para-pagar-un-vencimiento-con-el-fmi","status":"publish","type":"post","link":"https:\/\/corrientesdetarde.com\/index.php\/economia\/el-gobierno-acordo-con-un-organismo-internacional-un-prestamo-para-pagar-un-vencimiento-con-el-fmi\/","title":{"rendered":"El Gobierno acord\u00f3 con un organismo internacional un pr\u00e9stamo para pagar un vencimiento con el FMI"},"content":{"rendered":"\n<p>Luis \u201cToto\u201d Caputo y su equipo econ\u00f3mico adem\u00e1s negocian con las agroexportadoras para sumar fondos. La alternativa del swap con China.<\/p>\n\n\n\n<p><a href=\"https:\/\/tn.com.ar\/autor\/AdrianVentura\/\"><\/a>En medio de un hurac\u00e1n de\u00a0reformas econ\u00f3micas el ministro de Econom\u00eda,\u00a0Luis &#8220;Toto&#8221; Caputo  y el presidente del Banco Central (BCRA), Santiago Bausili\u00a0,\u00a0<strong>buscan fondos<\/strong>\u00a0para recomponer las\u00a0<strong>reservas\u00a0<\/strong>y cerraron con la Corporaci\u00f3n Andina de Fomento (<strong>CAF<\/strong>) un pr\u00e9stamo de algo m\u00e1s US$900 millones para\u00a0<strong>pagar el \u00faltimo vencimiento<\/strong>\u00a0al Fondo Monetario Internacional (<strong>FMI<\/strong>).<\/p>\n\n\n\n<p>Aunque no dio detalles, Caputo dijo en<em>\u00a0A Dos Voces<\/em>, que el pago al FMI, que opera el jueves 21 est\u00e1 garantizado. Hoy se conoci\u00f3 que se acord\u00f3 con la CAF un desembolso para cubrir el compromiso.<\/p>\n\n\n\n<p>Como una alternativa par sumar reservas&nbsp;<strong>tampoco se descarta que se active el&nbsp;<\/strong><em><strong>swap&nbsp;<\/strong><\/em><strong>con China<\/strong>, que permitir\u00eda utilizar&nbsp;<strong>6400 millones de d\u00f3lares extra<\/strong>. Por eso la nota que hace unas horas le envi\u00f3 Milei al presidente&nbsp;<strong>Xi Jinping<\/strong>.<\/p>\n\n\n\n<figure class=\"wp-block-image\"><img decoding=\"async\" src=\"https:\/\/tn.com.ar\/resizer\/IKISeYVPugLwZTPVhrp5vL-qvU4=\/767x0\/smart\/filters:format(webp)\/cloudfront-us-east-1.images.arcpublishing.com\/artear\/BJBKWU2T7VGXVBI7PYKCWVUTJE.JPG\" alt=\"El tuit de Luis Caputo a Kristalina Georgieva. (Foto: Twitter\/@totocaputo6hb)\"\/><\/figure>\n\n\n\n<p>La prioridad es&nbsp;<strong>recomponer las reservas<\/strong>&nbsp;y tambi\u00e9n empezar a&nbsp;<strong>cancelar los vencimientos<\/strong>&nbsp;que habr\u00e1 desde el 21 de diciembre. Si bien para esta fecha entrar\u00e1 un desembolso de&nbsp;<strong>900 millones<\/strong>&nbsp;de la CAF, a mediados de enero&nbsp;<strong>vencen 2900 millones con el Fondo Monetario<\/strong>.<\/p>\n\n\n\n<p>Desde ese punto de vista fue auspiciosa para el nuevo gobierno la\u00a0 valoraci\u00f3n positiva que hizo la titular del FMI,\u00a0<strong>Kristalina Georgieva<\/strong>, sobre las medidas anunciadas por Caputo.<\/p>\n\n\n\n<p>\u201cSaludo las medidas decisivas anunciadas por el presidente Javier Milei y su equipo econ\u00f3mico para abordar los importantes desaf\u00edos econ\u00f3micos de Argentina.<strong>&nbsp;Es un paso importante hacia la restauraci\u00f3n de la estabilidad<\/strong>&nbsp;y la reconstrucci\u00f3n del potencial econ\u00f3mico del pa\u00eds\u201d, public\u00f3 el martes Georgieva en su cuenta de la red social X (antes conocida como Twitter).<\/p>\n\n\n\n<p>En este contexto, el vocero presidencial,\u00a0<strong>Manuel Adorni<\/strong>, confirm\u00f3 en conferencia de prensa que habr\u00e1 un\u00a0<strong>blanqueo de capitales<\/strong>. Aunque no ser\u00e1 en el corto plazo, ya que requiere de\u00a0<strong>varias condiciones<\/strong>. En primer lugar, una\u00a0<strong>ley del Congreso<\/strong>. Segundo,\u00a0<strong>bajar el impuesto a los bienes personales<\/strong>, ya que con el nivel actual no ser\u00eda atractivo para nadie. Y tercero,\u00a0<strong>que se<\/strong>\u00a0<strong>reconstruya la confianza<\/strong>: antes de avanzar, el Gobierno necesita mostrar \u00e9xito en la reducci\u00f3n de inflaci\u00f3n y un horizonte claro a nivel econ\u00f3mico.<\/p>\n\n\n\n<p>En el gobierno de<strong>&nbsp;Mauricio Macri<\/strong>, el blanqueo fue una medida muy exitosa que permiti\u00f3 exteriorizar&nbsp;<strong>118.000 millones de d\u00f3lares<\/strong>, de los cuales el Estado recaud\u00f3 -en promedio-&nbsp;<strong>un poco m\u00e1s del 10%<\/strong>.<\/p>\n","protected":false},"excerpt":{"rendered":"<p>Luis \u201cToto\u201d Caputo y su equipo econ\u00f3mico adem\u00e1s negocian con las agroexportadoras para sumar fondos. La alternativa del swap con China. En medio de un hurac\u00e1n de\u00a0reformas econ\u00f3micas el ministro&hellip; <\/p>\n","protected":false},"author":8,"featured_media":110499,"comment_status":"closed","ping_status":"open","sticky":false,"template":"","format":"standard","meta":{"footnotes":""},"categories":[20],"tags":[],"class_list":["post-110498","post","type-post","status-publish","format-standard","has-post-thumbnail","hentry","category-economia"],"_links":{"self":[{"href":"https:\/\/corrientesdetarde.com\/index.php\/wp-json\/wp\/v2\/posts\/110498","targetHints":{"allow":["GET"]}}],"collection":[{"href":"https:\/\/corrientesdetarde.com\/index.php\/wp-json\/wp\/v2\/posts"}],"about":[{"href":"https:\/\/corrientesdetarde.com\/index.php\/wp-json\/wp\/v2\/types\/post"}],"author":[{"embeddable":true,"href":"https:\/\/corrientesdetarde.com\/index.php\/wp-json\/wp\/v2\/users\/8"}],"replies":[{"embeddable":true,"href":"https:\/\/corrientesdetarde.com\/index.php\/wp-json\/wp\/v2\/comments?post=110498"}],"version-history":[{"count":1,"href":"https:\/\/corrientesdetarde.com\/index.php\/wp-json\/wp\/v2\/posts\/110498\/revisions"}],"predecessor-version":[{"id":110500,"href":"https:\/\/corrientesdetarde.com\/index.php\/wp-json\/wp\/v2\/posts\/110498\/revisions\/110500"}],"wp:featuredmedia":[{"embeddable":true,"href":"https:\/\/corrientesdetarde.com\/index.php\/wp-json\/wp\/v2\/media\/110499"}],"wp:attachment":[{"href":"https:\/\/corrientesdetarde.com\/index.php\/wp-json\/wp\/v2\/media?parent=110498"}],"wp:term":[{"taxonomy":"category","embeddable":true,"href":"https:\/\/corrientesdetarde.com\/index.php\/wp-json\/wp\/v2\/categories?post=110498"},{"taxonomy":"post_tag","embeddable":true,"href":"https:\/\/corrientesdetarde.com\/index.php\/wp-json\/wp\/v2\/tags?post=110498"}],"curies":[{"name":"wp","href":"https:\/\/api.w.org\/{rel}","templated":true}]}}