{"id":110504,"date":"2023-12-14T13:55:18","date_gmt":"2023-12-14T16:55:18","guid":{"rendered":"https:\/\/corrientesdetarde.com\/?p=110504"},"modified":"2023-12-14T13:55:24","modified_gmt":"2023-12-14T16:55:24","slug":"el-papa-francisco-planifico-su-funeral-y-pidio-ser-enterrado-en-un-lugar-particular","status":"publish","type":"post","link":"https:\/\/corrientesdetarde.com\/index.php\/internacionales\/el-papa-francisco-planifico-su-funeral-y-pidio-ser-enterrado-en-un-lugar-particular\/","title":{"rendered":"El Papa Francisco planific\u00f3 su funeral y pidi\u00f3 ser enterrado en un lugar particular"},"content":{"rendered":"\n<p>El sumo pont\u00edfice dijo que se encuentra \u201cbastante bien\u201d de salud y que por ahora no piensa renunciar al cargo, como su antecesor Benedicto XVI.<\/p>\n\n\n\n<p>La relaci\u00f3n con Javier Milei no fue lo \u00fanico de lo que habl\u00f3 el Papa Francisco con la prensa mexicana este martes. Tambi\u00e9n revel\u00f3 que\u00a0<strong>no ser\u00e1 enterrado en las grutas vaticanas<\/strong>\u00a0como el resto de pont\u00edfices, sino\u00a0<strong>en la bas\u00edlica de Santa Mar\u00eda la Mayor<\/strong>, en Roma.<\/p>\n\n\n\n<p>Seg\u00fan Francisco explic\u00f3 a la periodista mexicana Valentina Alazraki, en esa iglesia hay una capilla que lo espera. Tambi\u00e9n coment\u00f3 que se lo prometi\u00f3 a la Virgen.<\/p>\n\n\n\n<h2 class=\"wp-block-heading\">Santa Mar\u00eda la Mayor, la iglesia donde ser\u00e1 enterrado el Papa Francisco<\/h2>\n\n\n\n<p>El Papa Francisco&nbsp;<strong>se considera muy mariano y en su pontificado tuvo muchas expresiones sobre la Virgen Mar\u00eda.<\/strong>&nbsp;Suele acudir a rezar a Santa Mar\u00eda Mayor y visita la bas\u00edlica&nbsp;<strong>antes y despu\u00e9s de cada viaje<\/strong>, para arrodillarse ante el icono de la virgen \u2018Salus Populi Romani\u2019, patrona de Roma.<\/p>\n\n\n\n<figure class=\"wp-block-image\"><img decoding=\"async\" src=\"https:\/\/tn.com.ar\/resizer\/gGE_E8L8hI3dGoqTR9fegM_5XpM=\/767x0\/smart\/filters:format(webp)\/cloudfront-us-east-1.images.arcpublishing.com\/artear\/A24BC2MRWNDMVLAGVNOT64JP34.jpg\" alt=\"El Papa Francisco asegur\u00f3 que est\u00e1 mejor de salud. (Foto: AFP\/Andreas SOLARO ).\"\/><\/figure>\n\n\n\n<p>Seg\u00fan indic\u00f3 el diario espa\u00f1ol&nbsp;<em>ABC<\/em>, la tumba del papa se encontrar\u00e1 en una capilla en la nave izquierda de esta bas\u00edlica,&nbsp;<strong>junto a la que acoge el icono de la Virgen<\/strong>.<\/p>\n\n\n\n<p>\u201cPorque es mi gran devoci\u00f3n. Antes, cuando ven\u00eda a Roma, siempre iba ah\u00ed el domingo en la ma\u00f1ana, me iba un rato all\u00ed.&nbsp;<strong>S\u00ed hay una ligaz\u00f3n muy grande<\/strong>\u201d, destac\u00f3 el papa argentino.<\/p>\n\n\n\n<p>En la entrevista, el papa tambi\u00e9n adelant\u00f3 que como ya sucedi\u00f3 con el funeral del papa Benedicto XVI, el suyo tambi\u00e9n ser\u00e1 unas&nbsp;<strong>exequias de car\u00e1cter sencillo<\/strong>. \u201cYo estuve con el ceremoniero preparando el rito de los funerales del papa.&nbsp;<strong>Los simplificamos bastante<\/strong>\u201d, explic\u00f3 Francisco que agreg\u00f3 que para su funeral ser\u00e1 a\u00fan m\u00e1s simple.<\/p>\n\n\n\n<figure class=\"wp-block-image\"><img decoding=\"async\" src=\"https:\/\/tn.com.ar\/resizer\/U9FIMq4bDeQ4xnJxn__5WOWOwV8=\/767x0\/smart\/filters:format(webp)\/cloudfront-us-east-1.images.arcpublishing.com\/artear\/DX7LAKIYZ5DMXACDJY2SZKKGBU.jpg\" alt=\"El Papa Francisco rezando frente a un icono de la Virgen en la bas\u00edlica Santa Mar\u00eda la Mayor, en Roma, en 21021. (Foto: AFP\/Vatican Media).\"\/><\/figure>\n\n\n\n<p>Sobre su salud, despu\u00e9s de haber pasado una bronquitis, asegur\u00f3 que<strong>\u00a0se encuentra \u201cbastante bien\u201d<\/strong>: \u201cMe siento bien, me siento mejorado. A veces me dicen que soy imprudente porque tengo ganas de hacer y de moverse. \u00bfEntonces son buenas se\u00f1ales?\u201d.<\/p>\n\n\n\n<p>Y destaca que por el momento no pens\u00f3 en la renuncia y que se lo dir\u00e1 \u201cel Se\u00f1or, cuando \u00c9l quiera\u201d.<\/p>\n\n\n\n<p>\u201cPero no se me ocurri\u00f3 y&nbsp;<strong>vi la valent\u00eda de Benedicto cuando se dio cuenta de que no pod\u00eda<\/strong>, prefiri\u00f3 decir basta, y a m\u00ed me hace bien eso como ejemplo, y&nbsp;<strong>pido al Se\u00f1or decir basta, en alg\u00fan momento, pero cuando \u00c9l quiera<\/strong>\u201d.<\/p>\n\n\n\n<figure class=\"wp-block-image\"><img decoding=\"async\" src=\"https:\/\/tn.com.ar\/resizer\/VCQZ-yfhBDHBiUu11-uW0KvvzD0=\/767x0\/smart\/filters:format(webp)\/cloudfront-us-east-1.images.arcpublishing.com\/artear\/HS2USI2PYVEJFALNXJK6LAMBWI.jpg\" alt=\"El Papa Francisco, durante una misa frente a la bas\u00edlica Santa Mar\u00eda la Mayor, en Roma. (Foto: AFP\/Gabriel Bouys).\"\/><\/figure>\n\n\n\n<p>Y por ello, agrega, que&nbsp;<strong>sigue preparando viajes<\/strong>&nbsp;y que \u201cest\u00e1 asegurado uno a B\u00e9lgica\u201d y \u201chay dos claros pendientes, uno a la Polinesia y otro a Argentina, que est\u00e1n ah\u00ed pendientes, veremos c\u00f3mo se da la cosa, pero con el tiempo voy a ir retomando las cosas\u201d.<\/p>\n","protected":false},"excerpt":{"rendered":"<p>El sumo pont\u00edfice dijo que se encuentra \u201cbastante bien\u201d de salud y que por ahora no piensa renunciar al cargo, como su antecesor Benedicto XVI. La relaci\u00f3n con Javier Milei&hellip; <\/p>\n","protected":false},"author":8,"featured_media":110505,"comment_status":"closed","ping_status":"open","sticky":false,"template":"","format":"standard","meta":{"footnotes":""},"categories":[11],"tags":[],"class_list":["post-110504","post","type-post","status-publish","format-standard","has-post-thumbnail","hentry","category-internacionales"],"_links":{"self":[{"href":"https:\/\/corrientesdetarde.com\/index.php\/wp-json\/wp\/v2\/posts\/110504","targetHints":{"allow":["GET"]}}],"collection":[{"href":"https:\/\/corrientesdetarde.com\/index.php\/wp-json\/wp\/v2\/posts"}],"about":[{"href":"https:\/\/corrientesdetarde.com\/index.php\/wp-json\/wp\/v2\/types\/post"}],"author":[{"embeddable":true,"href":"https:\/\/corrientesdetarde.com\/index.php\/wp-json\/wp\/v2\/users\/8"}],"replies":[{"embeddable":true,"href":"https:\/\/corrientesdetarde.com\/index.php\/wp-json\/wp\/v2\/comments?post=110504"}],"version-history":[{"count":1,"href":"https:\/\/corrientesdetarde.com\/index.php\/wp-json\/wp\/v2\/posts\/110504\/revisions"}],"predecessor-version":[{"id":110506,"href":"https:\/\/corrientesdetarde.com\/index.php\/wp-json\/wp\/v2\/posts\/110504\/revisions\/110506"}],"wp:featuredmedia":[{"embeddable":true,"href":"https:\/\/corrientesdetarde.com\/index.php\/wp-json\/wp\/v2\/media\/110505"}],"wp:attachment":[{"href":"https:\/\/corrientesdetarde.com\/index.php\/wp-json\/wp\/v2\/media?parent=110504"}],"wp:term":[{"taxonomy":"category","embeddable":true,"href":"https:\/\/corrientesdetarde.com\/index.php\/wp-json\/wp\/v2\/categories?post=110504"},{"taxonomy":"post_tag","embeddable":true,"href":"https:\/\/corrientesdetarde.com\/index.php\/wp-json\/wp\/v2\/tags?post=110504"}],"curies":[{"name":"wp","href":"https:\/\/api.w.org\/{rel}","templated":true}]}}