{"id":110507,"date":"2023-12-14T15:20:29","date_gmt":"2023-12-14T18:20:29","guid":{"rendered":"https:\/\/corrientesdetarde.com\/?p=110507"},"modified":"2023-12-14T15:20:32","modified_gmt":"2023-12-14T18:20:32","slug":"cardozo-se-reunio-con-directores-de-hospitales-de-la-region-sanitaria-1","status":"publish","type":"post","link":"https:\/\/corrientesdetarde.com\/index.php\/bienestar-y-salud\/cardozo-se-reunio-con-directores-de-hospitales-de-la-region-sanitaria-1\/","title":{"rendered":"Cardozo se reuni\u00f3 con directores de hospitales de la Regi\u00f3n Sanitaria 1"},"content":{"rendered":"\n<p><em>En la ocasi\u00f3n, se analiz\u00f3 la situaci\u00f3n en general, el acomodamiento financiero y la planificaci\u00f3n para el 2024 de cada instituci\u00f3n.<\/em><\/p>\n\n\n\n<p>El ministro de Salud P\u00fablica&nbsp;Ricardo Cardozo, se reuni\u00f3 hoy con directores de hospitales de la Regi\u00f3n Sanitaria 1, subsecretarios e integrantes de la Comisi\u00f3n Hospitalaria para realizar una evaluaci\u00f3n y proyecci\u00f3n, siguiendo la l\u00ednea trazada por el Gobernador Gustavo Vald\u00e9s. En este sentido, se analiz\u00f3 la situaci\u00f3n en general, el acomodamiento financiero y la planificaci\u00f3n para el 2024.<\/p>\n\n\n\n<p>Participaron directores de hospitales de Ber\u00f3n de Astrada, Yahap\u00e9, Riachuelo, Empedrado, El Sombrero, Ca\u00e1 Cat\u00ed, Lomas de Vallejos, Palmar Grande, Itat\u00ed, Ramada Paso, San Cosme, Paso de la Patria, Santa Ana, San Lu\u00eds del Palmar, Herlitzka, San Miguel y Loreto.<\/p>\n\n\n\n<p>\u201cNos reunimos con todos los directores de hospitales de la Regi\u00f3n Sanitaria 1 y de CAPS de la capital, a quienes les transmitimos los lineamientos del se\u00f1or gobernador en esta nueva situaci\u00f3n que atraviesa el pa\u00eds y que repercute por supuesto en la provincia\u201d, dijo el ministro&nbsp;Ricardo Cardozo.<\/p>\n\n\n\n<p>\u201cEn este sentido, el mensaje m\u00e1s importante fue el de solicitar austeridad en los gastos de cada instituci\u00f3n, evitar gatos superfluos y garantizar una atenci\u00f3n de calidad para todos los correntinos\u201d, remarc\u00f3 y agreg\u00f3: \u201cTambi\u00e9n, hemos planificado la manera en que se va a trabajar en 2024. Recibimos las proyecciones de cada instituci\u00f3n en este sentido\u201d.<\/p>\n\n\n\n<figure class=\"wp-block-image size-large\"><img loading=\"lazy\" decoding=\"async\" width=\"1024\" height=\"683\" src=\"https:\/\/corrientesdetarde.com\/wp-content\/uploads\/2023\/12\/d7518d6aae99d53407b9a7f3dadbd250231cad1f-1024x683.jpg\" alt=\"\" class=\"wp-image-110509\" srcset=\"https:\/\/corrientesdetarde.com\/wp-content\/uploads\/2023\/12\/d7518d6aae99d53407b9a7f3dadbd250231cad1f-1024x683.jpg 1024w, https:\/\/corrientesdetarde.com\/wp-content\/uploads\/2023\/12\/d7518d6aae99d53407b9a7f3dadbd250231cad1f-300x200.jpg 300w, https:\/\/corrientesdetarde.com\/wp-content\/uploads\/2023\/12\/d7518d6aae99d53407b9a7f3dadbd250231cad1f-768x512.jpg 768w, https:\/\/corrientesdetarde.com\/wp-content\/uploads\/2023\/12\/d7518d6aae99d53407b9a7f3dadbd250231cad1f.jpg 1086w\" sizes=\"auto, (max-width: 1024px) 100vw, 1024px\" \/><\/figure>\n","protected":false},"excerpt":{"rendered":"<p>En la ocasi\u00f3n, se analiz\u00f3 la situaci\u00f3n en general, el acomodamiento financiero y la planificaci\u00f3n para el 2024 de cada instituci\u00f3n. El ministro de Salud P\u00fablica&nbsp;Ricardo Cardozo, se reuni\u00f3 hoy&hellip; <\/p>\n","protected":false},"author":8,"featured_media":110508,"comment_status":"closed","ping_status":"open","sticky":false,"template":"","format":"standard","meta":{"footnotes":""},"categories":[16],"tags":[],"class_list":["post-110507","post","type-post","status-publish","format-standard","has-post-thumbnail","hentry","category-bienestar-y-salud"],"_links":{"self":[{"href":"https:\/\/corrientesdetarde.com\/index.php\/wp-json\/wp\/v2\/posts\/110507","targetHints":{"allow":["GET"]}}],"collection":[{"href":"https:\/\/corrientesdetarde.com\/index.php\/wp-json\/wp\/v2\/posts"}],"about":[{"href":"https:\/\/corrientesdetarde.com\/index.php\/wp-json\/wp\/v2\/types\/post"}],"author":[{"embeddable":true,"href":"https:\/\/corrientesdetarde.com\/index.php\/wp-json\/wp\/v2\/users\/8"}],"replies":[{"embeddable":true,"href":"https:\/\/corrientesdetarde.com\/index.php\/wp-json\/wp\/v2\/comments?post=110507"}],"version-history":[{"count":1,"href":"https:\/\/corrientesdetarde.com\/index.php\/wp-json\/wp\/v2\/posts\/110507\/revisions"}],"predecessor-version":[{"id":110510,"href":"https:\/\/corrientesdetarde.com\/index.php\/wp-json\/wp\/v2\/posts\/110507\/revisions\/110510"}],"wp:featuredmedia":[{"embeddable":true,"href":"https:\/\/corrientesdetarde.com\/index.php\/wp-json\/wp\/v2\/media\/110508"}],"wp:attachment":[{"href":"https:\/\/corrientesdetarde.com\/index.php\/wp-json\/wp\/v2\/media?parent=110507"}],"wp:term":[{"taxonomy":"category","embeddable":true,"href":"https:\/\/corrientesdetarde.com\/index.php\/wp-json\/wp\/v2\/categories?post=110507"},{"taxonomy":"post_tag","embeddable":true,"href":"https:\/\/corrientesdetarde.com\/index.php\/wp-json\/wp\/v2\/tags?post=110507"}],"curies":[{"name":"wp","href":"https:\/\/api.w.org\/{rel}","templated":true}]}}