{"id":11079,"date":"2022-10-14T07:58:02","date_gmt":"2022-10-14T10:58:02","guid":{"rendered":"https:\/\/corrientesdetarde.com\/?p=11079"},"modified":"2022-10-14T07:58:06","modified_gmt":"2022-10-14T10:58:06","slug":"wanda-nara-le-respondio-a-mauro-icardi-y-conto-como-es-el-regimen-de-visitas-de-sus-hijas","status":"publish","type":"post","link":"https:\/\/corrientesdetarde.com\/index.php\/espectaculos\/wanda-nara-le-respondio-a-mauro-icardi-y-conto-como-es-el-regimen-de-visitas-de-sus-hijas\/","title":{"rendered":"<strong>Wanda Nara le respondi\u00f3 a Mauro Icardi y cont\u00f3 c\u00f3mo es el r\u00e9gimen de visitas de sus hijas<\/strong>"},"content":{"rendered":"\n<p>La medi\u00e1tica le mand\u00f3 unos mensajes a Guido Z\u00e1ffora de Es por ah\u00ed para explicar el acuerdo al que lleg\u00f3 con el padre de sus dos hijas<\/p>\n\n\n\n<p>Entre&nbsp;<strong>Wanda Nara<\/strong>&nbsp;y&nbsp;<strong>Mauro Icardi<\/strong>&nbsp;ya no hay retorno ni ninguna posibilidad de reconstruir su matrimonio. De esta forma, decidi\u00f3 explicar c\u00f3mo ser\u00e1 el r\u00e9gimen de visitas que acord\u00f3 con el padre de sus hijas Francesca e Isabella.<\/p>\n\n\n\n<p>\u201c<strong>Vamos a estar 20 o 30 d\u00edas seguidos cada uno con los nenes<\/strong>\u201d, dijo Nara a trav\u00e9s de una serie de mensajes de WhatsApp que le envi\u00f3 al periodista Guido Z\u00e1ffora, panelista de Es por ah\u00ed (Am\u00e9rica), en el que aclar\u00f3 que adem\u00e1s habr\u00eda \u201cpermisos de visitas al otro padre durante esos per\u00edodos\u201d.<\/p>\n\n\n\n<p>\u201c<strong>Es por eso que yo estoy ac\u00e1, porque somos tres padres separados que vivimos en distintos pa\u00edses<\/strong>\u201d, ley\u00f3 Z\u00e1ffora en otro de los mensajes que le mand\u00f3 la hermana de Zaira. Ese fue el pie para recordar el acuerdo al que lleg\u00f3 con&nbsp;<strong>Maxi L\u00f3pez<\/strong>&nbsp;por la crianza de Valentino, Constantino y Benedicto, los hijos que tuvieron en el momento en que se vincularon. \u201c<strong>Mi arreglo con Maxi tambi\u00e9n es as\u00ed. Cuando est\u00e1 con los nenes son per\u00edodos m\u00e1s largos. No podemos tener el acuerdo normal<\/strong>\u201d, dijo.<\/p>\n\n\n\n<p>\u201c<strong>En la separaci\u00f3n con Mauro todo fue y es organizado de palabra<\/strong>\u201d, ley\u00f3 Z\u00e1ffora con respecto a lo que Wanda le dijo sobre la ruptura definitiva con Icardi. \u201c<strong>Wanda Nara ya est\u00e1 en las \u00faltimas, ya dijo: \u2018Basta, borr\u00f3n y cuenta nueva\u2019. La separaci\u00f3n ya es un hecho<\/strong>\u201d, cerr\u00f3 el periodista.<\/p>\n\n\n\n<p>El mi\u00e9rcoles pasado,&nbsp;Icardi realiz\u00f3 un explosivo vivo de Instagram en el que asegur\u00f3 que la mam\u00e1 de sus hijas es \u201cel hazmerre\u00edr del mundo entero\u201d.&nbsp;<strong>Wanda fue una de las espectadoras de ese \u201cvivo\u201d<\/strong>&nbsp;y estuvo atenta a todo lo que dijo su ex en la transmisi\u00f3n. Una vez finalizada, seg\u00fan cuentan personas del c\u00edrculo m\u00e1s \u00edntimo de ella, habr\u00eda llamado a su abogada&nbsp;<strong>Ana Rosenfeld para avanzar con su divorcio<\/strong>.<\/p>\n\n\n\n<p>\u201cMe dicen que para Wanda no hay vuelta atr\u00e1s.&nbsp;<strong>Despu\u00e9s de todo lo que dijo e hizo \u00e9l, para ella se termin\u00f3 todo. Ella cree que el vivo fue innecesario y que cuando viaje a Turqu\u00eda, se termina para siempre la relaci\u00f3n<\/strong>\u201d, dijo \u00c1ngel de Brito en&nbsp;<em>LAM&nbsp;<\/em>(Am\u00e9rica).<\/p>\n\n\n\n<p><strong>\u201cEstaba tan aburrido, se hablaron tantas cosas que tengo que salir a aclarar\u201d<\/strong>, comenz\u00f3 diciendo Icardi en su transmisi\u00f3n. Lo hizo desde Turqu\u00eda, donde pasa sus d\u00edas como futbolista del Galatasaray y decidi\u00f3 hablar por primera vez de su relaci\u00f3n con&nbsp;<strong>Wanda Nara<\/strong>, a quien se refiri\u00f3 en muy duros t\u00e9rminos al explicar por qu\u00e9 tom\u00f3 decisi\u00f3n de dar su versi\u00f3n.&nbsp;<strong>\u201cEs el hazmerre\u00edr del mundo entero con su comportamiento, con sus actitudes<\/strong>. La verdad no estoy preparado para seguir bancando esto y defender lo indefendible\u201d, sostuvo el delantero.<\/p>\n\n\n\n<p>En un mon\u00f3logo de m\u00e1s de media hora, el futbolista respondi\u00f3 preguntas y&nbsp;aclar\u00f3 su punto de vista de la ruptura con Wanda. \u201cNo creo que sea una separaci\u00f3n que viene de hace rato, como vienen diciendo. Es todo mentira,&nbsp;<strong>hace 9 a\u00f1os estamos juntos, nunca nos separamos<\/strong>\u201d, afirm\u00f3 al comienzo de la transmisi\u00f3n que fue seguida por alrededor de 100 mil usuarios.<\/p>\n\n\n\n<p>\u201c\u00bfAsum\u00eds que fue por tu culpa?\u201d, le pregunt\u00f3 uno de los seguidores. \u201cSe cre\u00f3 un ambiente raro despu\u00e9s de lo que pas\u00f3 el a\u00f1o pasado. No voy a aclarar, la gente que lo tiene que saber lo sabe, Wanda en primer lugar\u201d, afirm\u00f3 en referencia a su affaire con la China Su\u00e1rez. Y continu\u00f3: \u201cDespu\u00e9s hubo un perd\u00f3n, no s\u00e9 si sincero o no sincero,&nbsp;<strong>pasaron muchas cosas en el medio y la semana que viene vendr\u00e1, hablaremos, intentaremos solucionarlo para bien o para mal<\/strong>\u201d, asegur\u00f3.<\/p>\n\n\n\n<p>Tambi\u00e9n se refiri\u00f3 al estado legal de la relaci\u00f3n: \u201cNo estamos divorciados, las cosas se hablan en persona, no poniendo mensajitos.&nbsp;<strong>El a\u00f1o pasado lo hizo y era mentira, estuvimos todo un a\u00f1o juntos<\/strong>\u201d, afirm\u00f3. Y defendi\u00f3 su accionar en las redes sociales. \u201cNo estoy loco ni soy un enfermo por subir una foto con la madre de mis hijas\u201d<\/p>\n","protected":false},"excerpt":{"rendered":"<p>La medi\u00e1tica le mand\u00f3 unos mensajes a Guido Z\u00e1ffora de Es por ah\u00ed para explicar el acuerdo al que lleg\u00f3 con el padre de sus dos hijas Entre&nbsp;Wanda Nara&nbsp;y&nbsp;Mauro Icardi&nbsp;ya&hellip; <\/p>\n","protected":false},"author":7,"featured_media":11080,"comment_status":"closed","ping_status":"open","sticky":false,"template":"","format":"standard","meta":{"footnotes":""},"categories":[19],"tags":[],"class_list":["post-11079","post","type-post","status-publish","format-standard","has-post-thumbnail","hentry","category-espectaculos"],"_links":{"self":[{"href":"https:\/\/corrientesdetarde.com\/index.php\/wp-json\/wp\/v2\/posts\/11079","targetHints":{"allow":["GET"]}}],"collection":[{"href":"https:\/\/corrientesdetarde.com\/index.php\/wp-json\/wp\/v2\/posts"}],"about":[{"href":"https:\/\/corrientesdetarde.com\/index.php\/wp-json\/wp\/v2\/types\/post"}],"author":[{"embeddable":true,"href":"https:\/\/corrientesdetarde.com\/index.php\/wp-json\/wp\/v2\/users\/7"}],"replies":[{"embeddable":true,"href":"https:\/\/corrientesdetarde.com\/index.php\/wp-json\/wp\/v2\/comments?post=11079"}],"version-history":[{"count":1,"href":"https:\/\/corrientesdetarde.com\/index.php\/wp-json\/wp\/v2\/posts\/11079\/revisions"}],"predecessor-version":[{"id":11081,"href":"https:\/\/corrientesdetarde.com\/index.php\/wp-json\/wp\/v2\/posts\/11079\/revisions\/11081"}],"wp:featuredmedia":[{"embeddable":true,"href":"https:\/\/corrientesdetarde.com\/index.php\/wp-json\/wp\/v2\/media\/11080"}],"wp:attachment":[{"href":"https:\/\/corrientesdetarde.com\/index.php\/wp-json\/wp\/v2\/media?parent=11079"}],"wp:term":[{"taxonomy":"category","embeddable":true,"href":"https:\/\/corrientesdetarde.com\/index.php\/wp-json\/wp\/v2\/categories?post=11079"},{"taxonomy":"post_tag","embeddable":true,"href":"https:\/\/corrientesdetarde.com\/index.php\/wp-json\/wp\/v2\/tags?post=11079"}],"curies":[{"name":"wp","href":"https:\/\/api.w.org\/{rel}","templated":true}]}}