{"id":111262,"date":"2023-12-17T16:51:26","date_gmt":"2023-12-17T19:51:26","guid":{"rendered":"https:\/\/corrientesdetarde.com\/?p=111262"},"modified":"2023-12-17T16:56:26","modified_gmt":"2023-12-17T19:56:26","slug":"es-argentino-vive-en-alemania-y-la-policia-lo-paro-en-la-calle-por-portacion-de-rostro","status":"publish","type":"post","link":"https:\/\/corrientesdetarde.com\/index.php\/sociales\/es-argentino-vive-en-alemania-y-la-policia-lo-paro-en-la-calle-por-portacion-de-rostro\/","title":{"rendered":"Es argentino, vive en Alemania y la polic\u00eda lo par\u00f3 en la calle por \u201cportaci\u00f3n de rostro\u201d"},"content":{"rendered":"\n<p>Un\u00a0<strong>joven argentino que vive en Alemania\u00a0<\/strong>cont\u00f3 que lo pararon en la calle por \u201cportaci\u00f3n de rostro\u201d. Nicol\u00e1s emigr\u00f3 al pa\u00eds europeo en busca de nuevas oportunidades y en sus\u00a0<strong>redes sociales<\/strong>\u00a0comparte c\u00f3mo es su d\u00eda a d\u00eda.<\/p>\n\n\n\n<p>El video se public\u00f3 bajo el usuario @<strong>nicorodriguez_ph\u00a0<\/strong>en la plataforma de\u00a0<strong>Tiktok<\/strong>. \u201cMe vieron cara de chorro. Estoy en un mercadito navide\u00f1o e iba a hacer un clip de c\u00f3mo era este lugar\u201d, coment\u00f3. Luego, dijo que mientras iba caminando encapuchado,<strong>\u00a0se le acercaron unos oficiales<\/strong>.<\/p>\n\n\n\n<figure class=\"wp-block-image\"><img decoding=\"async\" src=\"https:\/\/tn.com.ar\/resizer\/ZsJSA5juDUe0Hms0Gk7-LqdKc2c=\/767x0\/smart\/filters:format(webp)\/thumbs.vodgc.net\/1-14-1hB09X1702831943079_480P.jpg\" alt=\"Video Placeholder\"\/><\/figure>\n\n\n\n<p>El joven tuvo que mostrarle su pasaporte a los polic\u00edas. (Video: Tiktok\/@nicorodriguez_ph)<\/p>\n\n\n\n<p>\u201cLes pregunt\u00e9 si hablan ingl\u00e9s porque mi alem\u00e1n no es muy bueno y me contestaron que s\u00ed\u201d, agreg\u00f3. Los agentes le pidieron su identificaci\u00f3n pero \u00e9l no la ten\u00eda. \u201cDe casualidad&nbsp;<strong>estaba con el pasaporte encima<\/strong>\u201d, expres\u00f3.<\/p>\n\n\n\n<p>\u201cLes dije: \u2018\u00bfPuedo preguntarles por qu\u00e9 me pararon a m\u00ed? Yo ya sab\u00eda que era por la potaci\u00f3n de rostro. La respuesta de la polic\u00eda fue simple. Me dijeron que no es porque sea yo en particular, es que me vieron con mochila y hay algunas personas<strong>&nbsp;por la zona que quieren hacer las cosas mal<\/strong>\u201d, explic\u00f3.<\/p>\n\n\n\n<figure class=\"wp-block-image\"><img decoding=\"async\" src=\"https:\/\/tn.com.ar\/resizer\/UUK7KbfIx75QLAiIQSSDdPFU7Hc=\/767x0\/smart\/filters:format(webp)\/cloudfront-us-east-1.images.arcpublishing.com\/artear\/IYIMMTOH6JDF5O76K4KNRGIE24.PNG\" alt=\" \u201cDe casualidad estaba con el pasaporte encima\u201d. (Foto: Tiktok\/@nicorodriguez_ph) \"\/><figcaption>\u201cDe casualidad estaba con el pasaporte encima\u201d. (Foto: Tiktok\/@nicorodriguez_ph)<\/figcaption><\/figure>\n\n\n\n<p><\/p>\n\n\n\n<p>Los oficiales pensaron que Nicol\u00e1s quer\u00eda robarle las pertenencias a las personas que estaban en el mercado. Para terminar,&nbsp;<strong>revisaron su bolso y vieron que estaba todo bien<\/strong>. \u201cMe la baj\u00f3, no disfrut\u00e9 del mercadito por esa secuencia, pero ya est\u00e1\u201d, dijo el joven.<\/p>\n\n\n\n<p>El video se hizo&nbsp;<strong>viral&nbsp;<\/strong>y super\u00f3 las 600.000 reproducciones y los 20.000 \u201cme gusta\u201d. Adem\u00e1s, la gente dej\u00f3 su opini\u00f3n en los comentarios. \u201cAc\u00e1 en M\u00e9xico en teor\u00eda, puede considerarse discriminaci\u00f3n, no pueden pedirte identificaci\u00f3n los polic\u00edas y menos revisar tus cosas\u201d, escribi\u00f3 un usuario. \u201cPor algo son seguros esos lugares\u201d, respondi\u00f3 otro.<\/p>\n","protected":false},"excerpt":{"rendered":"<p>Un\u00a0joven argentino que vive en Alemania\u00a0cont\u00f3 que lo pararon en la calle por \u201cportaci\u00f3n de rostro\u201d. Nicol\u00e1s emigr\u00f3 al pa\u00eds europeo en busca de nuevas oportunidades y en sus\u00a0redes sociales\u00a0comparte&hellip; <\/p>\n","protected":false},"author":12,"featured_media":111264,"comment_status":"closed","ping_status":"open","sticky":false,"template":"","format":"standard","meta":{"footnotes":""},"categories":[17],"tags":[],"class_list":["post-111262","post","type-post","status-publish","format-standard","has-post-thumbnail","hentry","category-sociales"],"_links":{"self":[{"href":"https:\/\/corrientesdetarde.com\/index.php\/wp-json\/wp\/v2\/posts\/111262","targetHints":{"allow":["GET"]}}],"collection":[{"href":"https:\/\/corrientesdetarde.com\/index.php\/wp-json\/wp\/v2\/posts"}],"about":[{"href":"https:\/\/corrientesdetarde.com\/index.php\/wp-json\/wp\/v2\/types\/post"}],"author":[{"embeddable":true,"href":"https:\/\/corrientesdetarde.com\/index.php\/wp-json\/wp\/v2\/users\/12"}],"replies":[{"embeddable":true,"href":"https:\/\/corrientesdetarde.com\/index.php\/wp-json\/wp\/v2\/comments?post=111262"}],"version-history":[{"count":2,"href":"https:\/\/corrientesdetarde.com\/index.php\/wp-json\/wp\/v2\/posts\/111262\/revisions"}],"predecessor-version":[{"id":111273,"href":"https:\/\/corrientesdetarde.com\/index.php\/wp-json\/wp\/v2\/posts\/111262\/revisions\/111273"}],"wp:featuredmedia":[{"embeddable":true,"href":"https:\/\/corrientesdetarde.com\/index.php\/wp-json\/wp\/v2\/media\/111264"}],"wp:attachment":[{"href":"https:\/\/corrientesdetarde.com\/index.php\/wp-json\/wp\/v2\/media?parent=111262"}],"wp:term":[{"taxonomy":"category","embeddable":true,"href":"https:\/\/corrientesdetarde.com\/index.php\/wp-json\/wp\/v2\/categories?post=111262"},{"taxonomy":"post_tag","embeddable":true,"href":"https:\/\/corrientesdetarde.com\/index.php\/wp-json\/wp\/v2\/tags?post=111262"}],"curies":[{"name":"wp","href":"https:\/\/api.w.org\/{rel}","templated":true}]}}