{"id":11136,"date":"2022-10-14T09:08:11","date_gmt":"2022-10-14T12:08:11","guid":{"rendered":"https:\/\/corrientesdetarde.com\/?p=11136"},"modified":"2022-10-14T09:08:14","modified_gmt":"2022-10-14T12:08:14","slug":"corrientes-operativo-de-control-deja-18-motocicletas-secuestradas-y-siete-personas-demoradas","status":"publish","type":"post","link":"https:\/\/corrientesdetarde.com\/index.php\/crimen-y-justicia\/corrientes-operativo-de-control-deja-18-motocicletas-secuestradas-y-siete-personas-demoradas\/","title":{"rendered":"Corrientes: operativo de control deja 18 motocicletas secuestradas y siete personas demoradas"},"content":{"rendered":"\n<p>Se realiz\u00f3 un operativo de control vehicular e identificaci\u00f3n de personas la que concluy\u00f3 con la demora de siete personas y el secuestro preventivo de 18 motocicletas.<\/p>\n\n\n\n<figure class=\"wp-block-image\"><img decoding=\"async\" src=\"https:\/\/www.radiodos.com.ar\/content\/bucket\/8\/178328w770h428c.jpg.webp\" alt=\"\"\/><\/figure>\n\n\n\n<p>Se desarrollo un operativo de control vehicular e identificaci\u00f3n de personas en jurisdicci\u00f3n de la Comisar\u00eda S\u00e9ptima (7\u00aa) comprendiendo los horarios entre las 19:00 y 21:00.<\/p>\n\n\n\n<p>El operativo cont\u00f3 con la participaci\u00f3n del Destacamento San Marcos, Grupo de Intervenci\u00f3n R\u00e1pida (GIR), Direcci\u00f3n de Tr\u00e1nsito Municipal.<\/p>\n\n\n\n<p>El procedimiento arroj\u00f3 como resultado el secuestro preventivo de 18 motocicletas por no contar sus propietarios con las respectivas documentaciones que acrediten su identidad y\/o propiedad de los rodados y la demora de siete personas para la averiguaci\u00f3n de sus antecedentes.<\/p>\n\n\n\n<p>Todo ello debido a que al momento del procedimiento, no contaban con las respectivas documentaciones que acrediten fehacientemente su identidad y\/o propiedad de los rodados.<\/p>\n","protected":false},"excerpt":{"rendered":"<p>Se realiz\u00f3 un operativo de control vehicular e identificaci\u00f3n de personas la que concluy\u00f3 con la demora de siete personas y el secuestro preventivo de 18 motocicletas. Se desarrollo un&hellip; <\/p>\n","protected":false},"author":4,"featured_media":11149,"comment_status":"closed","ping_status":"open","sticky":false,"template":"","format":"standard","meta":{"footnotes":""},"categories":[5],"tags":[],"class_list":["post-11136","post","type-post","status-publish","format-standard","has-post-thumbnail","hentry","category-crimen-y-justicia"],"_links":{"self":[{"href":"https:\/\/corrientesdetarde.com\/index.php\/wp-json\/wp\/v2\/posts\/11136","targetHints":{"allow":["GET"]}}],"collection":[{"href":"https:\/\/corrientesdetarde.com\/index.php\/wp-json\/wp\/v2\/posts"}],"about":[{"href":"https:\/\/corrientesdetarde.com\/index.php\/wp-json\/wp\/v2\/types\/post"}],"author":[{"embeddable":true,"href":"https:\/\/corrientesdetarde.com\/index.php\/wp-json\/wp\/v2\/users\/4"}],"replies":[{"embeddable":true,"href":"https:\/\/corrientesdetarde.com\/index.php\/wp-json\/wp\/v2\/comments?post=11136"}],"version-history":[{"count":1,"href":"https:\/\/corrientesdetarde.com\/index.php\/wp-json\/wp\/v2\/posts\/11136\/revisions"}],"predecessor-version":[{"id":11150,"href":"https:\/\/corrientesdetarde.com\/index.php\/wp-json\/wp\/v2\/posts\/11136\/revisions\/11150"}],"wp:featuredmedia":[{"embeddable":true,"href":"https:\/\/corrientesdetarde.com\/index.php\/wp-json\/wp\/v2\/media\/11149"}],"wp:attachment":[{"href":"https:\/\/corrientesdetarde.com\/index.php\/wp-json\/wp\/v2\/media?parent=11136"}],"wp:term":[{"taxonomy":"category","embeddable":true,"href":"https:\/\/corrientesdetarde.com\/index.php\/wp-json\/wp\/v2\/categories?post=11136"},{"taxonomy":"post_tag","embeddable":true,"href":"https:\/\/corrientesdetarde.com\/index.php\/wp-json\/wp\/v2\/tags?post=11136"}],"curies":[{"name":"wp","href":"https:\/\/api.w.org\/{rel}","templated":true}]}}