{"id":11137,"date":"2022-10-14T08:56:40","date_gmt":"2022-10-14T11:56:40","guid":{"rendered":"https:\/\/corrientesdetarde.com\/?p=11137"},"modified":"2022-10-14T08:56:43","modified_gmt":"2022-10-14T11:56:43","slug":"tristeza-y-desazon-la-reaccion-de-los-famosos-tras-la-renuncia-de-marcelo-gallardo-a-river","status":"publish","type":"post","link":"https:\/\/corrientesdetarde.com\/index.php\/espectaculos\/tristeza-y-desazon-la-reaccion-de-los-famosos-tras-la-renuncia-de-marcelo-gallardo-a-river\/","title":{"rendered":"<strong>Tristeza y desaz\u00f3n: la reacci\u00f3n de los famosos tras la renuncia de Marcelo Gallardo a River<\/strong>"},"content":{"rendered":"\n<p>El entrenador dej\u00f3 su cargo en el Millonario tras ocho a\u00f1os exitosos, en los que obtuvo catorce trofeos<\/p>\n\n\n\n<p>Este jueves en horas del mediod\u00eda,<strong>&nbsp;Marcelo Gallardo<\/strong>&nbsp;sorprendi\u00f3 al anunciar&nbsp;su renuncia como director t\u00e9cnico de River, luego de ocho a\u00f1os en el cargo. \u201cVoy a ser breve. Vengo a hacer un anuncio claramente&#8230;&nbsp;<strong>Anoche les comuniqu\u00e9 que es mi final de contrato. Termina en diciembre y ya no seguir\u00e9 en el club. Es una de las decisiones m\u00e1s dif\u00edciles y sentidas. Sab\u00eda que iba a ser un momento delicado para expresarme. Har\u00e9 una breve pausa&#8230;<\/strong>\u201d, dijo el entrenador durante una conferencia de prensa a la que convoc\u00f3 en el SUM del club.<\/p>\n\n\n\n<p>El Mu\u00f1eco tom\u00f3 el mando del banco de suplentes del Millonario el 6 de junio del 2014 y desde entonces cambi\u00f3 por completo la historia de la entidad, convirti\u00e9ndose en el m\u00e1s ganador con el paso del tiempo. \u201cM\u00e1s all\u00e1 del anuncio, estoy ac\u00e1 para agradecer a las personas que confiaron en m\u00ed. A Enzo (Francescoli) por tu don de gente y tu amistad. A Jorge (Brito), por su confianza; a Mat\u00edas (Patanian) lo mismo y a todo el cuerpo dirigencial, por haberme dado la posibilidad de expresarme con total libertad para desarrollar nuestro trabajo. Agradecer a un mont\u00f3n de personas que acompa\u00f1aron todo este proceso a lo largo de ocho a\u00f1os y medio. Acompa\u00f1aron muy fielmente acompa\u00f1aron, se dispusieron a desarrollar y a empujar\u201d, puntualiz\u00f3.<\/p>\n\n\n\n<p>Lo cierto es que este anuncio provoc\u00f3 la tristeza de muchos hinchas famosos del equipo, que se manifestaron a trav\u00e9s de las redes sociales. Uno de ellos fue<strong>&nbsp;Jorge Ria<\/strong>l, quien escribi\u00f3 en&nbsp;<strong>Twitter<\/strong>:&nbsp;<strong>\u201cSe termino la era Gallardo en River Plate. Gracias por todo Mu\u00f1eco. Hiciste m\u00e1s grande a este club. Pero solo es un hasta luego. Te esperamos para otra \u00e9pica como la de Madrid\u201d<\/strong>.<\/p>\n\n\n\n<p>En tanto,&nbsp;<strong>Peter Alfonso<\/strong>&nbsp;utiliz\u00f3 sus stories de<strong>&nbsp;Instagram&nbsp;<\/strong>para publicar fotos junto a Gallardo, en donde se los puede ver en el Estadio Monumental.&nbsp;<strong>\u201cSimplemente gracias!<\/strong>\u201d, escribi\u00f3 contundente.<strong>&nbsp;Jonatan Viale<\/strong>, tambi\u00e9n confeso hincha del millonario, utiliz\u00f3 su cuenta en la red social del pajarito, en la que comparti\u00f3 una foto del ahora exDT y agreg\u00f3:&nbsp;<strong>\u201cFue una historia hermosa. Pero no termin\u00f3\u201d<\/strong>.<\/p>\n\n\n\n<p>Por su parte, el periodista&nbsp;<strong>Ariel Wolman<\/strong>, panelista de&nbsp;<strong><em>Nosotros a la ma\u00f1ana<\/em><\/strong>, tambi\u00e9n utiliz\u00f3 Instagram para postear una foto de Gallardo.<strong>&nbsp;\u201cGracias por todo, Mu\u00f1e\u201d<\/strong>, escribi\u00f3.&nbsp;<strong>Nito Artaza&nbsp;<\/strong>tambi\u00e9n se sum\u00f3 a las dedicatorias hacia el DT:<strong>&nbsp;\u201c\u00a1Gracias por tu profesionalismo y tantas alegr\u00edas!\u201d<\/strong>.<\/p>\n\n\n\n<p>El caso de&nbsp;<strong>Adri\u00e1n Pallares<\/strong>&nbsp;fue especial porque recibi\u00f3 la noticia mientras estaba en el aire de&nbsp;<strong><em>Socios en el Espect\u00e1culo&nbsp;<\/em><\/strong>(El Trece). Sorprendido, coment\u00f3: \u201cTodos dec\u00edan que Marcelo Gallardo se quedaba en River\u201d. Por \u00faltimo,&nbsp;<strong>Sol P\u00e9rez&nbsp;<\/strong>tambi\u00e9n se mostr\u00f3 entre angustiada y sorprendida:&nbsp;<strong>\u201cDecime que lo de Gallardo es una joda\u201d<\/strong>, escribi\u00f3 en Twitter.<\/p>\n\n\n\n<p>El oriundo de Merlo se adjudic\u00f3 con el buzo de entrenador&nbsp;un total de 14 trofeos en el Millonario: tres Copas Argentina, dos Supercopa Argentina (en la primera se impuso a su cl\u00e1sico rival en Mendoza), dos Copas Libertadores (en ambas elimin\u00f3 al Xeneize), una Copa Sudamericana (tambi\u00e9n dej\u00f3 en el camino a los de La Ribera), tres Recopas Sudamericanas, una Suruga Bank, la Liga Profesional y el Trofeo de Campeones.<\/p>\n\n\n\n<p>Su \u00faltima conquista fue en el Madre de Ciudades, donde estir\u00f3 su impactante registro de ser el entrenador m\u00e1s ganador de la historia de River. Aventaja por cinco a Ram\u00f3n D\u00edaz, su m\u00e1s inmediato perseguidor. Un escal\u00f3n por detr\u00e1s aparecen Jos\u00e9 Minella (8), \u00c1ngel Labruna (6), Renato Cesarini (6) y Em\u00e9rico Hirschi (6). Si se desglosan estos t\u00edtulos, el DT ostenta 7 del \u00e1mbito local y 7 en el plano internacional.<\/p>\n","protected":false},"excerpt":{"rendered":"<p>El entrenador dej\u00f3 su cargo en el Millonario tras ocho a\u00f1os exitosos, en los que obtuvo catorce trofeos Este jueves en horas del mediod\u00eda,&nbsp;Marcelo Gallardo&nbsp;sorprendi\u00f3 al anunciar&nbsp;su renuncia como director&hellip; <\/p>\n","protected":false},"author":7,"featured_media":11138,"comment_status":"closed","ping_status":"open","sticky":false,"template":"","format":"standard","meta":{"footnotes":""},"categories":[19],"tags":[],"class_list":["post-11137","post","type-post","status-publish","format-standard","has-post-thumbnail","hentry","category-espectaculos"],"_links":{"self":[{"href":"https:\/\/corrientesdetarde.com\/index.php\/wp-json\/wp\/v2\/posts\/11137","targetHints":{"allow":["GET"]}}],"collection":[{"href":"https:\/\/corrientesdetarde.com\/index.php\/wp-json\/wp\/v2\/posts"}],"about":[{"href":"https:\/\/corrientesdetarde.com\/index.php\/wp-json\/wp\/v2\/types\/post"}],"author":[{"embeddable":true,"href":"https:\/\/corrientesdetarde.com\/index.php\/wp-json\/wp\/v2\/users\/7"}],"replies":[{"embeddable":true,"href":"https:\/\/corrientesdetarde.com\/index.php\/wp-json\/wp\/v2\/comments?post=11137"}],"version-history":[{"count":1,"href":"https:\/\/corrientesdetarde.com\/index.php\/wp-json\/wp\/v2\/posts\/11137\/revisions"}],"predecessor-version":[{"id":11139,"href":"https:\/\/corrientesdetarde.com\/index.php\/wp-json\/wp\/v2\/posts\/11137\/revisions\/11139"}],"wp:featuredmedia":[{"embeddable":true,"href":"https:\/\/corrientesdetarde.com\/index.php\/wp-json\/wp\/v2\/media\/11138"}],"wp:attachment":[{"href":"https:\/\/corrientesdetarde.com\/index.php\/wp-json\/wp\/v2\/media?parent=11137"}],"wp:term":[{"taxonomy":"category","embeddable":true,"href":"https:\/\/corrientesdetarde.com\/index.php\/wp-json\/wp\/v2\/categories?post=11137"},{"taxonomy":"post_tag","embeddable":true,"href":"https:\/\/corrientesdetarde.com\/index.php\/wp-json\/wp\/v2\/tags?post=11137"}],"curies":[{"name":"wp","href":"https:\/\/api.w.org\/{rel}","templated":true}]}}