{"id":11145,"date":"2022-10-14T09:00:39","date_gmt":"2022-10-14T12:00:39","guid":{"rendered":"https:\/\/corrientesdetarde.com\/?p=11145"},"modified":"2022-10-14T09:00:40","modified_gmt":"2022-10-14T12:00:40","slug":"el-teto-medina-volvio-a-trabajar-como-operador-socioterapeutico-y-celebro-su-cumpleanos","status":"publish","type":"post","link":"https:\/\/corrientesdetarde.com\/index.php\/espectaculos\/el-teto-medina-volvio-a-trabajar-como-operador-socioterapeutico-y-celebro-su-cumpleanos\/","title":{"rendered":"<strong>El \u201cTeto\u201d Medina volvi\u00f3 a trabajar como operador socioterap\u00e9utico y celebr\u00f3 su cumplea\u00f1os<\/strong>"},"content":{"rendered":"\n<p>El conductor se mostr\u00f3 muy feliz en la Comunidad Amanecer junto a un grupo de j\u00f3venes<\/p>\n\n\n\n<p><strong>\u201cTeto\u201d Medina<\/strong>&nbsp;vivi\u00f3 una pesadilla cuando qued\u00f3 detenido el pasado 22 de septiembre acusado por<strong>&nbsp;\u201casociaci\u00f3n il\u00edcita, reducci\u00f3n a la servidumbre y trabajos forzados\u201d<\/strong>. El conductor fue investigado por su trabajo como operador socioterap\u00e9utico de un centro de rehabilitaci\u00f3nen adicciones en Berazategui, llamado&nbsp;<strong>La raz\u00f3n de vivir<\/strong>.<\/p>\n\n\n\n<p>Seis d\u00edas m\u00e1s tarde, el juez Adri\u00e1n Villagra&nbsp;orden\u00f3 la excarcelaci\u00f3n&nbsp;del ex<em>&nbsp;VideoMatch&nbsp;<\/em>bajo cauci\u00f3n juratoria. De esta manera, se reencontr\u00f3 con su familia y poco a poco regres\u00f3 a su vida cotidiana. En las \u00faltimas horas se viraliz\u00f3 un video en el que aparece en la Comunidad Amanecer, en un d\u00eda muy especial.&nbsp;<strong>\u201cHoy cumplo 60 a\u00f1os y lo festejo con mis amigos\u201d,<\/strong>&nbsp;dice el Teto mientras un grupo de j\u00f3venes le cantan el feliz cumplea\u00f1os y lo abrazan.<\/p>\n\n\n\n<p>Luego de recuperar su libertad, Medina reapareci\u00f3 en los medios para contar su historia. En una entrevista con&nbsp;<strong>Jorge Rial,&nbsp;<\/strong>explic\u00f3: \u201cCreo que todav\u00eda no ca\u00ed&#8230; Pasa que si vos romp\u00e9s algo y te retan por eso, est\u00e1 bien. Pero cuando cuando no entend\u00e9s por d\u00f3nde viene y qu\u00e9 es lo que pasa, te asust\u00e1s\u201d. Luego se refiri\u00f3 a su detenci\u00f3n: \u201cCuando llegaron a mi casa, entraron seis o siete personas. El trato fue bueno pero no sabes por qu\u00e9. Y cuando me cuentan y me nombran este lugar, no entend\u00eda absolutamente nada\u201d.<\/p>\n\n\n\n<p>Adem\u00e1s, explic\u00f3 c\u00f3mo lleg\u00f3 a La raz\u00f3n de vivir. \u201c<strong>Hace unos a\u00f1os muere mi pap\u00e1 y caigo en una depresi\u00f3n grave<\/strong>. Yo siempre fui un tipo alegre,&nbsp;<strong>tomaba jugo y era deportista,<\/strong>&nbsp;<strong>pero a los 48 a\u00f1os entr\u00e9 en el mundo de las drogas<\/strong>. Y me encuentro que no sab\u00eda qu\u00e9 hacer con mi vida&#8230; La droga te lleva a un lugar donde no te importa nada, donde sos una basura y no te quer\u00e9s. Y adem\u00e1s, pasa que hay que dejar el ego de lado y pedir ayuda\u201d. En ese sentido, detall\u00f3: \u201cTuve la valent\u00eda de hablar con mi hija y decirle que estaba mal, que hiciera algo porque no pod\u00eda conmigo. Hab\u00eda tenido dos o tres episodios personales de estar tirado en la cama y decir&nbsp;<strong>si matarse era esto, yo lo hac\u00eda<\/strong>\u201d.<\/p>\n\n\n\n<p>Casi sin pausas en su relato, Medina detall\u00f3 cu\u00e1l fue su puerta de ingreso a las drogas. \u201cConoc\u00ed a una persona que estaba charlando y me dice: \u00b4Pint\u00f3 ah\u00ed\u00b4. Mi cabeza estaba destruida, porque esto es una cuesti\u00f3n de autoestima, digo: \u00b4Voy a quedar como un idiota\u00b4, y entr\u00e9.&nbsp;<strong>Tom\u00e9 coca\u00edna y sos&nbsp;<em>Superman<\/em><\/strong>, es algo muy enga\u00f1oso. Camin\u00e9 diez pasos y me ca\u00ed adentro de un pozo lleno de caca.&nbsp;<strong>Pude salir&nbsp;<\/strong>y ahora estoy parado en la puerta del pozo y les digo que se desv\u00eden.&nbsp;<strong>Yo por las drogas perd\u00ed todo, no tengo ni auto<\/strong>\u201d.<\/p>\n\n\n\n<p>\u201cHay un mont\u00f3n de chicos que est\u00e1n internados, que si salen y no tienen contenci\u00f3n, ma\u00f1ana van a tu casa y hacen desastres. Pero no porque sean malas personas, sino porque ellos mismos no pueden con ellos.&nbsp;<strong>Llega un punto que la droga te lleva a detestarte, te odi\u00e1s. Necesit\u00e1s plata para comprar consumo, es lo \u00fanico que te importa (&#8230;) La gente se droga porque no puede m\u00e1s con su vida<\/strong>\u201d, analiz\u00f3.<\/p>\n\n\n\n<p>\u201cCuando termino mi tratamiento de internaci\u00f3n -continu\u00f3-, empiezo a ir a grupos y juntarme con gente en rehabilitaci\u00f3n. Ah\u00ed aparece el Teto Medina, la tele me salv\u00f3 la vida. Porque cuando entro en los grupos, dec\u00edan: \u00b4Estoy internado con el Teto\u00b4. Y llego a coordinador de grupo, empiezo a sentir que necesitaba vivir en recuperaci\u00f3n. Y vivo feliz\u201d.<\/p>\n","protected":false},"excerpt":{"rendered":"<p>El conductor se mostr\u00f3 muy feliz en la Comunidad Amanecer junto a un grupo de j\u00f3venes \u201cTeto\u201d Medina&nbsp;vivi\u00f3 una pesadilla cuando qued\u00f3 detenido el pasado 22 de septiembre acusado por&nbsp;\u201casociaci\u00f3n&hellip; <\/p>\n","protected":false},"author":7,"featured_media":11146,"comment_status":"closed","ping_status":"open","sticky":false,"template":"","format":"standard","meta":{"footnotes":""},"categories":[19],"tags":[],"class_list":["post-11145","post","type-post","status-publish","format-standard","has-post-thumbnail","hentry","category-espectaculos"],"_links":{"self":[{"href":"https:\/\/corrientesdetarde.com\/index.php\/wp-json\/wp\/v2\/posts\/11145","targetHints":{"allow":["GET"]}}],"collection":[{"href":"https:\/\/corrientesdetarde.com\/index.php\/wp-json\/wp\/v2\/posts"}],"about":[{"href":"https:\/\/corrientesdetarde.com\/index.php\/wp-json\/wp\/v2\/types\/post"}],"author":[{"embeddable":true,"href":"https:\/\/corrientesdetarde.com\/index.php\/wp-json\/wp\/v2\/users\/7"}],"replies":[{"embeddable":true,"href":"https:\/\/corrientesdetarde.com\/index.php\/wp-json\/wp\/v2\/comments?post=11145"}],"version-history":[{"count":1,"href":"https:\/\/corrientesdetarde.com\/index.php\/wp-json\/wp\/v2\/posts\/11145\/revisions"}],"predecessor-version":[{"id":11147,"href":"https:\/\/corrientesdetarde.com\/index.php\/wp-json\/wp\/v2\/posts\/11145\/revisions\/11147"}],"wp:featuredmedia":[{"embeddable":true,"href":"https:\/\/corrientesdetarde.com\/index.php\/wp-json\/wp\/v2\/media\/11146"}],"wp:attachment":[{"href":"https:\/\/corrientesdetarde.com\/index.php\/wp-json\/wp\/v2\/media?parent=11145"}],"wp:term":[{"taxonomy":"category","embeddable":true,"href":"https:\/\/corrientesdetarde.com\/index.php\/wp-json\/wp\/v2\/categories?post=11145"},{"taxonomy":"post_tag","embeddable":true,"href":"https:\/\/corrientesdetarde.com\/index.php\/wp-json\/wp\/v2\/tags?post=11145"}],"curies":[{"name":"wp","href":"https:\/\/api.w.org\/{rel}","templated":true}]}}