{"id":111571,"date":"2023-12-18T13:52:57","date_gmt":"2023-12-18T16:52:57","guid":{"rendered":"https:\/\/corrientesdetarde.com\/?p=111571"},"modified":"2023-12-18T13:53:01","modified_gmt":"2023-12-18T16:53:01","slug":"el-caa-participo-de-una-reunion-con-las-autoridades-del-ministerio-de-economia-en-la-cual-se-informo-sobre-la-aplicacion-del-nuevo-esquema-de-derechos-de-exportacion","status":"publish","type":"post","link":"https:\/\/corrientesdetarde.com\/index.php\/economia\/el-caa-participo-de-una-reunion-con-las-autoridades-del-ministerio-de-economia-en-la-cual-se-informo-sobre-la-aplicacion-del-nuevo-esquema-de-derechos-de-exportacion\/","title":{"rendered":"EL CAA PARTICIP\u00d3 DE UNA REUNION CON LAS AUTORIDADES DEL MINISTERIO DE ECONOMIA EN LA CUAL SE INFORM\u00d3 SOBRE LA APLICACI\u00d3N DEL NUEVO ESQUEMA DE DERECHOS DE EXPORTACI\u00d3N"},"content":{"rendered":"\n<p>Representantes del Consejo Agroindustrial Argentino fueron informados respecto del nuevo esquema de derechos de exportaci\u00f3n en una reuni\u00f3n que se llev\u00f3 a cabo en el d\u00eda de la fecha en la Secretaria de Comercio con la presencia del Secret. de Coordinaci\u00f3n del MECON, Juan Pazos y otras autoridades que transmitieron el nuevo esquema de DEX que se aplicar\u00e1 de la siguiente manera:<\/p>\n\n\n\n<p>*Disminuci\u00f3n de al\u00edcuota a 0% para los siguientes complejos exportadores:<br>Oliv\u00edcola; Arrocero; Cueros bovinos L\u00e1cteo; Frut\u00edcola (excluido el lim\u00f3n); Hort\u00edcola; Porotos; Papa; Ajo; Garbanzos\/lentejas\/arvejas; Miel; Az\u00facar; Yerba; mate; T\u00e9: Equinos; Lana<br>*Disminuci\u00f3n de la al\u00edcuota al 8% para el sector vitivin\u00edcola<br>*Suba de la al\u00edcuota del 31% al 33% para los subproductos de la soja<\/p>\n\n\n\n<ul class=\"wp-block-list\"><li>Resto complejo cereales y Girasol 15%<br>Asimismo, se revisar\u00e1 la situaci\u00f3n de los complejos: porcinos, pesca, ma\u00edz, pisingallo.<br>Desde el CAA, mas all\u00e1 de la comprensi\u00f3n por la delicada situaci\u00f3n de las cuentas p\u00fablicas reiteraron la necesidad de adoptar una pol\u00edtica exportadora que contemple un esquema impositivo que fomente la producci\u00f3n y el agregado de valor para lo cual es necesario desarrollar un cronograma de eliminaci\u00f3n de DEX a los complejos Oleaginoso y Cerealero, como as\u00ed tambi\u00e9n considerar la delicada situaci\u00f3n de las EE.RR.<\/li><\/ul>\n","protected":false},"excerpt":{"rendered":"<p>Representantes del Consejo Agroindustrial Argentino fueron informados respecto del nuevo esquema de derechos de exportaci\u00f3n en una reuni\u00f3n que se llev\u00f3 a cabo en el d\u00eda de la fecha en&hellip; <\/p>\n","protected":false},"author":11,"featured_media":104962,"comment_status":"closed","ping_status":"open","sticky":false,"template":"","format":"standard","meta":{"footnotes":""},"categories":[20],"tags":[],"class_list":["post-111571","post","type-post","status-publish","format-standard","has-post-thumbnail","hentry","category-economia"],"_links":{"self":[{"href":"https:\/\/corrientesdetarde.com\/index.php\/wp-json\/wp\/v2\/posts\/111571","targetHints":{"allow":["GET"]}}],"collection":[{"href":"https:\/\/corrientesdetarde.com\/index.php\/wp-json\/wp\/v2\/posts"}],"about":[{"href":"https:\/\/corrientesdetarde.com\/index.php\/wp-json\/wp\/v2\/types\/post"}],"author":[{"embeddable":true,"href":"https:\/\/corrientesdetarde.com\/index.php\/wp-json\/wp\/v2\/users\/11"}],"replies":[{"embeddable":true,"href":"https:\/\/corrientesdetarde.com\/index.php\/wp-json\/wp\/v2\/comments?post=111571"}],"version-history":[{"count":1,"href":"https:\/\/corrientesdetarde.com\/index.php\/wp-json\/wp\/v2\/posts\/111571\/revisions"}],"predecessor-version":[{"id":111572,"href":"https:\/\/corrientesdetarde.com\/index.php\/wp-json\/wp\/v2\/posts\/111571\/revisions\/111572"}],"wp:featuredmedia":[{"embeddable":true,"href":"https:\/\/corrientesdetarde.com\/index.php\/wp-json\/wp\/v2\/media\/104962"}],"wp:attachment":[{"href":"https:\/\/corrientesdetarde.com\/index.php\/wp-json\/wp\/v2\/media?parent=111571"}],"wp:term":[{"taxonomy":"category","embeddable":true,"href":"https:\/\/corrientesdetarde.com\/index.php\/wp-json\/wp\/v2\/categories?post=111571"},{"taxonomy":"post_tag","embeddable":true,"href":"https:\/\/corrientesdetarde.com\/index.php\/wp-json\/wp\/v2\/tags?post=111571"}],"curies":[{"name":"wp","href":"https:\/\/api.w.org\/{rel}","templated":true}]}}