{"id":111586,"date":"2023-12-18T14:16:55","date_gmt":"2023-12-18T17:16:55","guid":{"rendered":"https:\/\/corrientesdetarde.com\/?p=111586"},"modified":"2023-12-18T14:17:06","modified_gmt":"2023-12-18T17:17:06","slug":"con-ofertas-de-entre-2-500-y-5-000-y-rebajas-de-hasta-50-provincia-lanza-la-canasta-navidena","status":"publish","type":"post","link":"https:\/\/corrientesdetarde.com\/index.php\/locales\/con-ofertas-de-entre-2-500-y-5-000-y-rebajas-de-hasta-50-provincia-lanza-la-canasta-navidena\/","title":{"rendered":"Con ofertas de entre $2.500 y $5.000 y rebajas de hasta 50%, Provincia lanza la Canasta Navide\u00f1a"},"content":{"rendered":"\n<p>Con los nombres de Canasta Navide\u00f1a en su 14\u00b0 edici\u00f3n y S\u00faper Fiestas, la gesti\u00f3n del gobernador Gustavo Vald\u00e9s present\u00f3 las promociones de fin de a\u00f1o, que buscan bajar los precios para que las familias correntinas puedan adquirir los tradicionales productos en las fiestas de Navidad y A\u00f1o Nuevo. Estas ofertas estar\u00e1n disponibles desde este mi\u00e9rcoles 20 de diciembre al s\u00e1bado 6 de enero de 2024 inclusive.<\/p>\n\n\n\n<p>Las promociones, fruto de la articulaci\u00f3n del Gobierno de Corrientes con el sector privado y el Banco de Corrientes SA, consisten en una canasta navide\u00f1a, con siete productos de primeras marcas, a $4.999; adquiriendo con las tarjetas de d\u00e9bito y cr\u00e9dito del Banco de Corrientes SA el precio cae a $2.495.<\/p>\n\n\n\n<p>El acto de lanzamiento se realiz\u00f3 este lunes en el Ministerio de Hacienda, donde el ministro Marcelo Rivas Piasentini y el presidente de la Federaci\u00f3n Econ\u00f3mica de Corrientes, Jorge G\u00f3mez firmaron el acuerdo. Tambi\u00e9n estuvo la presidenta del Banco de Corrientes, Laura Sprovieri.<\/p>\n\n\n\n<p>De esta manera se alcanz\u00f3 amplio acuerdo entre el Gobierno Provincial, el Banco de Corrientes S.A., la Federaci\u00f3n Econ\u00f3mica de Corrientes (FEC) Federaci\u00f3n Empresarial de Corrientes (FECORR), y los supermercadistas.<\/p>\n\n\n\n<p>Los productos se pueden comprar con los medios de pago del Banco de Corrientes con un beneficio del 50% de reintegro con tope de $15.000, comercios del rubro de supermercados, carnicer\u00edas, bodegas y afines.<\/p>\n\n\n\n<p><strong>Promociones del Banco de Corrientes<\/strong><\/p>\n\n\n\n<p>El Gobierno de Corrientes a trav\u00e9s del Banco de Corrientes inaugura la temporada navide\u00f1a con reintegros para todos sus clientes en los rubros m\u00e1s demandados: supermercados, decoraci\u00f3n, hogar, indumentaria, jugueter\u00edas, zapater\u00edas y m\u00e1s. Los beneficios iniciaron desde el 15 de diciembre al 6 de enero 2024 y tienen descuentos de hasta 50%, sin topes de reintegro en algunos casos.<\/p>\n\n\n\n<p>Los comercios del rubro de supermercados, carnicer\u00edas, bodegas y afines gozar\u00e1n de una promoci\u00f3n denominada \u201cSuper Fiestas\u201d. La misma alcanza a las compras que realicen de lunes a viernes con tarjetas de cr\u00e9dito Visa y Mastercard y tarjetas de d\u00e9bito Visa abonando en un pago y obteniendo de esa forma un beneficio del 50% de reintegro con tope de $15.000. Esta promoci\u00f3n estar\u00e1 vigente a partir del 20\/12 al 06\/01\/24.<\/p>\n\n\n\n<p>Durante los mismos d\u00edas aquellos comercios que comercialicen indumentaria, zapatos, jugueter\u00edas, perfumer\u00edas, entre otros, tambi\u00e9n podr\u00e1n brindar a sus clientes la promoci\u00f3n \u201cEspecial Fiestas\u201d, quienes acceder\u00e1n al 50% de descuento abonando en hasta 3 cuotas con sus tarjetas de cr\u00e9dito Visa y Mastercard, con tope de $15.000.<\/p>\n\n\n\n<p>Finalmente, para los amantes de la decoraci\u00f3n, el Banco de Corrientes ofrece una promoci\u00f3n especial con 40% de descuento sin tope de reintegro, a la cual la llamaron \u201cDecor\u00e1 tus Fiestas\u201d. Esta promo es v\u00e1lida todos los viernes, s\u00e1bados y domingos, del 15 de diciembre al 7 de enero, y es un beneficio exclusivo comprando con tarjetas de cr\u00e9dito Visa y Mastercard en hasta 3 cuotas y abonando por medio de la billetera M\u00e1sBanco.<\/p>\n\n\n\n<p>Para mayor informaci\u00f3n sobre los comercios adheridos, se puede consultar en la web&nbsp;<a href=\"http:\/\/promosdelbanco.com\/\" target=\"_blank\" rel=\"noreferrer noopener\">promosdelbanco.com<\/a>.<\/p>\n\n\n\n<p><strong>Detalles de la Canasta Navide\u00f1a<\/strong><\/p>\n\n\n\n<p><strong>PROMOS DE NAVIDAD<\/strong><\/p>\n\n\n\n<p>(Vigencia 20\/12\/2023 al 06\/01\/2024 \u2013 todos los d\u00edas)<\/p>\n\n\n\n<p><strong>14\u00b0 a\u00f1o consecutivo que se viene promoviendo desde el MHyF junto a los comercios correntinos<\/strong><\/p>\n\n\n\n<p><strong>CANASTA NAVIDE\u00d1A<\/strong><\/p>\n\n\n\n<p><strong>PRECIO: $4.990,00<\/strong><\/p>\n\n\n\n<p><strong>7 PRODUCTOS ACORDADOS<\/strong><strong>&nbsp;Con los Supermercados.<\/strong><\/p>\n\n\n\n<p><strong>PRECIO PROMEDIO DE LA CANASTA EN GONDOLA: $ 7.500,00.-<\/strong><\/p>\n\n\n\n<p><strong>AHORRO<\/strong><strong>&nbsp;CON RESPECTO AL PRECIO EN MERCADO:&nbsp;$ 2.510,00 (34%)<\/strong><\/p>\n\n\n\n<p><strong>Hemos acordado una canasta de&nbsp;7&nbsp;PRODUCTOS&nbsp;de primeras marcas.<\/strong><\/p>\n\n\n\n<ul class=\"wp-block-list\"><li><strong>SIDRA ETIQUETA BLANCA x 710\/750 cc: REAL\/LA FARRUCA\/LA VICTORIA\/DEL VALLE\/TUNUYAN.<\/strong><\/li><li><strong>ANAN\u00c1 FIZZ 710\/750 cc: REAL\/LA FARRUCA\/LA VICTORIA\/DEL VALLE\/TUNUYAN\/QUINTANA.<\/strong><\/li><\/ul>\n\n\n\n<ul class=\"wp-block-list\"><li><strong>GASEOSA x 2,25 L: COCA COLA\/PEPSI\/SPRITE\/SEVEN UP.<\/strong><\/li><li><strong>PAN DULCE x 400\/500 g: ELABORACION PROPIA\/LAS COLONIAS\/PANYGAL\/VENECIANA\/NEVARES\/BONAFIDE\/NATALE\/VALENTE\/DON SATUR\/LIMIDO\/ELECTO.<\/strong><\/li><li><strong>BUDIN x 170\/200g: ELABORACION PROPIA\/LAS COLONIAS\/GAONA\/NEVARES\/BONAFIDE\/VALENTE\/BUDIMAK\/DOSEN UNO\/DON SATUR.<\/strong><\/li><li><strong>TURRON DE MANI x 70\/80g: ARCOR\/GEORGALOSLERITHIER\/BONAFIDE\/ PALMESANO\/NOEL.<\/strong><\/li><li><strong>GARRAPI\u00d1ADA x 60\/80g: ARCOR\/GEORGALOS\/NOEL\/LERITHIER\/BONAFIDE\/PALMESANO.<\/strong><\/li><\/ul>\n\n\n\n<p><strong>Comercios adheridos:<\/strong><\/p>\n\n\n\n<p>Contin\u00faan sum\u00e1ndose comercios en distintas localidades a esta promoci\u00f3n.<\/p>\n\n\n\n<p>Los lugares de venta confirmados son:<\/p>\n\n\n\n<p><strong>Capital:<\/strong>&nbsp;Impulso SA; Parada Canga SA; Supermax SA; Depot SRL; Previsora del Paran\u00e1 SRL; Tat\u00fa SA; Express SRL.<\/p>\n\n\n\n<p><strong>Bella Vista:<\/strong>&nbsp;Abasto del Norte SRL.<\/p>\n\n\n\n<p><strong>Curuz\u00fa Cuati\u00e1:&nbsp;<\/strong>El Buen Gusto y Caminito.<\/p>\n\n\n\n<p><strong>Mercedes:<\/strong>&nbsp;El Buen Gusto y Super Lapacho.<\/p>\n\n\n\n<p><strong>Ituzaing\u00f3:&nbsp;<\/strong>Tata SRL.<\/p>\n\n\n\n<p><strong>Gobernador Virasoro:&nbsp;<\/strong>Super Fax SRL.<\/p>\n\n\n\n<p><strong>San Luis del Palmar:<\/strong>\u00a0Supermercado Zeus.<\/p>\n\n\n\n<figure class=\"wp-block-image size-full\"><img loading=\"lazy\" decoding=\"async\" width=\"1000\" height=\"1000\" src=\"https:\/\/corrientesdetarde.com\/wp-content\/uploads\/2023\/12\/image-405.png\" alt=\"\" class=\"wp-image-111587\" srcset=\"https:\/\/corrientesdetarde.com\/wp-content\/uploads\/2023\/12\/image-405.png 1000w, https:\/\/corrientesdetarde.com\/wp-content\/uploads\/2023\/12\/image-405-300x300.png 300w, https:\/\/corrientesdetarde.com\/wp-content\/uploads\/2023\/12\/image-405-150x150.png 150w, https:\/\/corrientesdetarde.com\/wp-content\/uploads\/2023\/12\/image-405-768x768.png 768w\" sizes=\"auto, (max-width: 1000px) 100vw, 1000px\" \/><\/figure>\n\n\n\n<figure class=\"wp-block-image size-full\"><img loading=\"lazy\" decoding=\"async\" width=\"1000\" height=\"1000\" src=\"https:\/\/corrientesdetarde.com\/wp-content\/uploads\/2023\/12\/image-406.png\" alt=\"\" class=\"wp-image-111588\" srcset=\"https:\/\/corrientesdetarde.com\/wp-content\/uploads\/2023\/12\/image-406.png 1000w, https:\/\/corrientesdetarde.com\/wp-content\/uploads\/2023\/12\/image-406-300x300.png 300w, https:\/\/corrientesdetarde.com\/wp-content\/uploads\/2023\/12\/image-406-150x150.png 150w, https:\/\/corrientesdetarde.com\/wp-content\/uploads\/2023\/12\/image-406-768x768.png 768w\" sizes=\"auto, (max-width: 1000px) 100vw, 1000px\" \/><\/figure>\n\n\n\n<figure class=\"wp-block-image size-large\"><img loading=\"lazy\" decoding=\"async\" width=\"1024\" height=\"682\" src=\"https:\/\/corrientesdetarde.com\/wp-content\/uploads\/2023\/12\/image-407-1024x682.png\" alt=\"\" class=\"wp-image-111589\" srcset=\"https:\/\/corrientesdetarde.com\/wp-content\/uploads\/2023\/12\/image-407-1024x682.png 1024w, https:\/\/corrientesdetarde.com\/wp-content\/uploads\/2023\/12\/image-407-300x200.png 300w, https:\/\/corrientesdetarde.com\/wp-content\/uploads\/2023\/12\/image-407-768x512.png 768w, https:\/\/corrientesdetarde.com\/wp-content\/uploads\/2023\/12\/image-407-1536x1023.png 1536w, https:\/\/corrientesdetarde.com\/wp-content\/uploads\/2023\/12\/image-407.png 1600w\" sizes=\"auto, (max-width: 1024px) 100vw, 1024px\" \/><\/figure>\n\n\n\n<figure class=\"wp-block-image size-large\"><img loading=\"lazy\" decoding=\"async\" width=\"1024\" height=\"682\" src=\"https:\/\/corrientesdetarde.com\/wp-content\/uploads\/2023\/12\/image-408-1024x682.png\" alt=\"\" class=\"wp-image-111590\" srcset=\"https:\/\/corrientesdetarde.com\/wp-content\/uploads\/2023\/12\/image-408-1024x682.png 1024w, https:\/\/corrientesdetarde.com\/wp-content\/uploads\/2023\/12\/image-408-300x200.png 300w, https:\/\/corrientesdetarde.com\/wp-content\/uploads\/2023\/12\/image-408-768x512.png 768w, https:\/\/corrientesdetarde.com\/wp-content\/uploads\/2023\/12\/image-408-1536x1023.png 1536w, https:\/\/corrientesdetarde.com\/wp-content\/uploads\/2023\/12\/image-408.png 1600w\" sizes=\"auto, (max-width: 1024px) 100vw, 1024px\" \/><\/figure>\n\n\n\n<figure class=\"wp-block-image size-large\"><img loading=\"lazy\" decoding=\"async\" width=\"1024\" height=\"682\" src=\"https:\/\/corrientesdetarde.com\/wp-content\/uploads\/2023\/12\/image-409-1024x682.png\" alt=\"\" class=\"wp-image-111591\" srcset=\"https:\/\/corrientesdetarde.com\/wp-content\/uploads\/2023\/12\/image-409-1024x682.png 1024w, https:\/\/corrientesdetarde.com\/wp-content\/uploads\/2023\/12\/image-409-300x200.png 300w, https:\/\/corrientesdetarde.com\/wp-content\/uploads\/2023\/12\/image-409-768x512.png 768w, https:\/\/corrientesdetarde.com\/wp-content\/uploads\/2023\/12\/image-409-1536x1023.png 1536w, https:\/\/corrientesdetarde.com\/wp-content\/uploads\/2023\/12\/image-409.png 1600w\" sizes=\"auto, (max-width: 1024px) 100vw, 1024px\" \/><\/figure>\n","protected":false},"excerpt":{"rendered":"<p>Con los nombres de Canasta Navide\u00f1a en su 14\u00b0 edici\u00f3n y S\u00faper Fiestas, la gesti\u00f3n del gobernador Gustavo Vald\u00e9s present\u00f3 las promociones de fin de a\u00f1o, que buscan bajar los&hellip; <\/p>\n","protected":false},"author":8,"featured_media":111587,"comment_status":"closed","ping_status":"open","sticky":false,"template":"","format":"standard","meta":{"footnotes":""},"categories":[20,8],"tags":[],"class_list":["post-111586","post","type-post","status-publish","format-standard","has-post-thumbnail","hentry","category-economia","category-locales"],"_links":{"self":[{"href":"https:\/\/corrientesdetarde.com\/index.php\/wp-json\/wp\/v2\/posts\/111586","targetHints":{"allow":["GET"]}}],"collection":[{"href":"https:\/\/corrientesdetarde.com\/index.php\/wp-json\/wp\/v2\/posts"}],"about":[{"href":"https:\/\/corrientesdetarde.com\/index.php\/wp-json\/wp\/v2\/types\/post"}],"author":[{"embeddable":true,"href":"https:\/\/corrientesdetarde.com\/index.php\/wp-json\/wp\/v2\/users\/8"}],"replies":[{"embeddable":true,"href":"https:\/\/corrientesdetarde.com\/index.php\/wp-json\/wp\/v2\/comments?post=111586"}],"version-history":[{"count":1,"href":"https:\/\/corrientesdetarde.com\/index.php\/wp-json\/wp\/v2\/posts\/111586\/revisions"}],"predecessor-version":[{"id":111592,"href":"https:\/\/corrientesdetarde.com\/index.php\/wp-json\/wp\/v2\/posts\/111586\/revisions\/111592"}],"wp:featuredmedia":[{"embeddable":true,"href":"https:\/\/corrientesdetarde.com\/index.php\/wp-json\/wp\/v2\/media\/111587"}],"wp:attachment":[{"href":"https:\/\/corrientesdetarde.com\/index.php\/wp-json\/wp\/v2\/media?parent=111586"}],"wp:term":[{"taxonomy":"category","embeddable":true,"href":"https:\/\/corrientesdetarde.com\/index.php\/wp-json\/wp\/v2\/categories?post=111586"},{"taxonomy":"post_tag","embeddable":true,"href":"https:\/\/corrientesdetarde.com\/index.php\/wp-json\/wp\/v2\/tags?post=111586"}],"curies":[{"name":"wp","href":"https:\/\/api.w.org\/{rel}","templated":true}]}}