{"id":111657,"date":"2023-12-18T16:31:42","date_gmt":"2023-12-18T19:31:42","guid":{"rendered":"https:\/\/corrientesdetarde.com\/?p=111657"},"modified":"2023-12-18T16:31:54","modified_gmt":"2023-12-18T19:31:54","slug":"rogelio-frigerio-pedira-asistencia-economica-a-javier-milei-por-el-temporal-en-entre-rios","status":"publish","type":"post","link":"https:\/\/corrientesdetarde.com\/index.php\/actualidad\/rogelio-frigerio-pedira-asistencia-economica-a-javier-milei-por-el-temporal-en-entre-rios\/","title":{"rendered":"Rogelio Frigerio pedir\u00e1 asistencia econ\u00f3mica a Javier Milei por el temporal en Entre R\u00edos"},"content":{"rendered":"\n<p>El gobernador viajar\u00e1 a Buenos Aires este martes &#8220;y se va a reunir con el presidente para gestionar un ATN o una ayuda econ\u00f3mica&#8221;, seg\u00fan adelant\u00f3 uno de sus funcionarios.<\/p>\n\n\n\n<p>El gobernador de&nbsp;<strong>Entre R\u00edos<\/strong>,&nbsp;<strong>Rogelio Frigerio<\/strong>, pedir\u00e1 este martes al presidente&nbsp;<strong>Javier Milei<\/strong>&nbsp;asistencia ante el&nbsp;<strong>temporal<\/strong>&nbsp;de la semana pasada y las fuertes lluvias de las \u00faltimas horas, que generaron destrozos en casi 4 de cada 10 (38%) de los 83 municipios que tiene esa provincia mesopot\u00e1mica, edificios derrumbados y rutas cortadas.<\/p>\n\n\n\n<p>&#8220;Vamos a pedirle al Gobierno Nacional asistencia a trav\u00e9s de un Aporte del Tesoro Nacional (ATN), habida cuenta de que claramente esa herramienta est\u00e1 dise\u00f1ada para casos como este temporal, con efectos devastadores&#8221;, afirm\u00f3 el mandatario d\u00edas atr\u00e1s.<\/p>\n\n\n\n<p>En tanto, este lunes el ministro de Justicia y Seguridad provincial,&nbsp;<strong>N\u00e9stor Roncaglia<\/strong>, confirm\u00f3 que&nbsp;<strong>Frigerio viajar\u00e1 a Buenos Aires este martes &#8220;y se va a reunir con el presidente (Javier Milei) para gestionar un ATN o una ayuda econ\u00f3mica&#8221;<\/strong>.<\/p>\n\n\n\n<p>El&nbsp;<strong>temporal incluy\u00f3 granizo, fuertes vientos, lluvias intensas y actividad el\u00e9ctrica<\/strong>, y dej\u00f3 como saldo&nbsp;dos muertes, destrucciones y derrumbes en escuelas, polideportivos y terminales de \u00f3mnibus; inundaciones de calles y viviendas; m\u00e1s de 250 voladuras de techos de casas; la ca\u00edda de cientos de \u00e1rboles y postes de luz y varias ciudades sin luz.<\/p>\n\n\n\n<p>Villaguay &#8220;parec\u00eda Gaza, es terrible&#8221;, afirm\u00f3 Roncaglia, y resalt\u00f3 que a pesar de la destrucci\u00f3n material y los problemas de inundaciones, servicios y circulaci\u00f3n &#8220;no tenemos que lamentar m\u00e1s v\u00edctimas&#8221;.<\/p>\n\n\n\n<p>Esa ciudad sufri\u00f3 la destrucci\u00f3n de las redes el\u00e9ctricas dej\u00f3 a casi toda la ciudad sin luz, y varias estructuras privadas y p\u00fablicas derrumbadas.<\/p>\n\n\n\n<p>All\u00ed se relevaron numerosas roturas en viviendas y veh\u00edculos, gran cantidad de \u00e1rboles ca\u00eddos, m\u00e1s de 25 voladuras de techos, y destrozos en el Colegio Nacional, en la Escuela Urquiza, en el Polideportivo Municipal y en la nueva terminal.<\/p>\n\n\n\n<p>El polideportivo qued\u00f3 reducido a chapas y columnas esparcidas por el predio, mientras que en la Terminal se cay\u00f3 el techo y se detectaron quebraduras en las paredes y columnas.<\/p>\n\n\n\n<p>Adem\u00e1s,&nbsp;<strong>este lunes en la madrugada cayeron m\u00e1s de 130 mil\u00edmetros de lluvia en pocas horas y volvieron los anegamientos<\/strong>, Defensa Civil entreg\u00f3 bolsas de arena, hubo calles colapsadas y el Municipio inst\u00f3 a &#8220;no circular y si es de extrema urgencia y necesidad, hacerlo a la menor velocidad posible&#8221;.<\/p>\n\n\n\n<p>Debido a las intensas precipitaciones, colapsaron la ruta nacional 18, la provincial 20, los ingresos norte y sur de Villaguay, el ingreso con el Monumento a Urquiza de Concepci\u00f3n del Uruguay, varias juntas de Gobierno, y caminos rurales.<\/p>\n\n\n\n<p>El departamento Uruguay, sobre el este de Entre R\u00edos, era otra de las zonas m\u00e1s afectadas al igual que el otro lado de la provincia, m\u00e1s cerca de la costa del r\u00edo Paran\u00e1.<\/p>\n\n\n\n<figure class=\"wp-block-image\"><img decoding=\"async\" src=\"https:\/\/media.minutouno.com\/p\/a285865d105ff371b044b1cddea250e5\/adjuntos\/150\/imagenes\/041\/203\/0041203909\/610x0\/smart\/imagepng.png\" alt=\"\" title=\"\"\/><\/figure>\n\n\n\n<p>Algunas calles de Paran\u00e1, capital provincial, &#8220;no drenan adecuadamente y se torna problem\u00e1tica la circulaci\u00f3n&#8221;, apunt\u00f3 a Canal Once el jefe de Bomberos Zapadores policial, Pedro Gonz\u00e1lez, adem\u00e1s de los casos de voladura de techos e inundaciones de casas.<\/p>\n\n\n\n<p>En la localidad de Basavilbaso los m\u00e1s de 80 mil\u00edmetros ca\u00eddos provoc\u00f3 el desborde de desag\u00fces e ingres\u00f3 agua por las cloacas de las casas; y en Diamante m\u00e1s de 20 familias quedaron aisladas.<\/p>\n\n\n\n<p>M\u00e1s de 280 mil\u00edmetros cayeron en Concepci\u00f3n del Uruguay en los 18 d\u00edas que va de diciembre; y hay gran cantidad de calles y avenidas anegadas en Gualeguaych\u00fa.<\/p>\n\n\n\n<p>Otros 100 mil\u00edmetros cayeron en gran cantidad de pueblos y localidades, principalmente en el sur de Entre R\u00edos, donde el temporal que azot\u00f3 a la provincia de Buenos Aires &#8220;tuvo su coletazo&#8221;, indic\u00f3 Roncaglia.<\/p>\n\n\n\n<p>Frente a esas consecuencias,&nbsp;<strong>el Gobierno provincial reuni\u00f3 este lunes a su gabinete y decidieron crear un equipo de trabajo &#8220;de gesti\u00f3n de riesgos clim\u00e1ticos, cat\u00e1strofes y protecci\u00f3n civil&#8221;<\/strong>, con el objetivo de &#8220;cuidar la vida y el patrimonio de los entrerrianos&#8221;, detall\u00f3.<\/p>\n\n\n\n<p>&#8220;Son tiempos dif\u00edciles, de vacas flacas, pero es importante poner m\u00e1s del 100% y una cuota de sacrificio y vamos a estar donde hay que estar, con un gobierno activo&#8221;, complet\u00f3.<\/p>\n\n\n\n<p>El equipo incluye a Bomberos, Polic\u00eda, Ej\u00e9rcito, Defensa Civil, Acci\u00f3n Social, Salud y Producci\u00f3n del Gobierno provincial, en conjunto con municipios, comunas y juntas de gobierno.<\/p>\n","protected":false},"excerpt":{"rendered":"<p>El gobernador viajar\u00e1 a Buenos Aires este martes &#8220;y se va a reunir con el presidente para gestionar un ATN o una ayuda econ\u00f3mica&#8221;, seg\u00fan adelant\u00f3 uno de sus funcionarios.&hellip; <\/p>\n","protected":false},"author":8,"featured_media":111660,"comment_status":"closed","ping_status":"open","sticky":false,"template":"","format":"standard","meta":{"footnotes":""},"categories":[23],"tags":[],"class_list":["post-111657","post","type-post","status-publish","format-standard","has-post-thumbnail","hentry","category-actualidad"],"_links":{"self":[{"href":"https:\/\/corrientesdetarde.com\/index.php\/wp-json\/wp\/v2\/posts\/111657","targetHints":{"allow":["GET"]}}],"collection":[{"href":"https:\/\/corrientesdetarde.com\/index.php\/wp-json\/wp\/v2\/posts"}],"about":[{"href":"https:\/\/corrientesdetarde.com\/index.php\/wp-json\/wp\/v2\/types\/post"}],"author":[{"embeddable":true,"href":"https:\/\/corrientesdetarde.com\/index.php\/wp-json\/wp\/v2\/users\/8"}],"replies":[{"embeddable":true,"href":"https:\/\/corrientesdetarde.com\/index.php\/wp-json\/wp\/v2\/comments?post=111657"}],"version-history":[{"count":1,"href":"https:\/\/corrientesdetarde.com\/index.php\/wp-json\/wp\/v2\/posts\/111657\/revisions"}],"predecessor-version":[{"id":111661,"href":"https:\/\/corrientesdetarde.com\/index.php\/wp-json\/wp\/v2\/posts\/111657\/revisions\/111661"}],"wp:featuredmedia":[{"embeddable":true,"href":"https:\/\/corrientesdetarde.com\/index.php\/wp-json\/wp\/v2\/media\/111660"}],"wp:attachment":[{"href":"https:\/\/corrientesdetarde.com\/index.php\/wp-json\/wp\/v2\/media?parent=111657"}],"wp:term":[{"taxonomy":"category","embeddable":true,"href":"https:\/\/corrientesdetarde.com\/index.php\/wp-json\/wp\/v2\/categories?post=111657"},{"taxonomy":"post_tag","embeddable":true,"href":"https:\/\/corrientesdetarde.com\/index.php\/wp-json\/wp\/v2\/tags?post=111657"}],"curies":[{"name":"wp","href":"https:\/\/api.w.org\/{rel}","templated":true}]}}