{"id":111664,"date":"2023-12-18T16:41:13","date_gmt":"2023-12-18T19:41:13","guid":{"rendered":"https:\/\/corrientesdetarde.com\/?p=111664"},"modified":"2023-12-18T16:41:17","modified_gmt":"2023-12-18T19:41:17","slug":"el-gobierno-evalua-mantener-subsidios-a-los-medicamentos-para-jubilados","status":"publish","type":"post","link":"https:\/\/corrientesdetarde.com\/index.php\/nacionales\/el-gobierno-evalua-mantener-subsidios-a-los-medicamentos-para-jubilados\/","title":{"rendered":"El Gobierno eval\u00faa mantener subsidios a los medicamentos para jubilados"},"content":{"rendered":"\n<p>Los productos medicinales marcaron un aumento del 21% durante noviembre y se registraron mayores subas en las \u00faltimas semanas.<\/p>\n\n\n\n<p>En el marco de los\u00a0<strong>aumentos\u00a0<\/strong>en los\u00a0<strong>precios\u00a0<\/strong>de los\u00a0<strong>medicamentos<\/strong>\u00a0registrados en las \u00faltimas semanas, el vocero presidencial Manuel Adorni inform\u00f3 que el Gobierno eval\u00faa\u00a0<strong>mantener subsidios para los jubilados.<\/strong><\/p>\n\n\n\n<figure class=\"wp-block-image\"><img decoding=\"async\" src=\"https:\/\/media.minutouno.com\/p\/1714081dcf257638875647fd856b3dec\/adjuntos\/150\/imagenes\/041\/203\/0041203318\/610x0\/smart\/adorni.jpg\" alt=\"\" title=\"\"\/><\/figure>\n\n\n\n<p>En su habitual conferencia matutina en la Casa Rosada, Adorni reiter\u00f3 que \u201c<strong>el esp\u00edritu del Gobierno es siempre apoyar y ayudar a los que m\u00e1s lo necesitan\u201d\u00a0<\/strong>pero aclar\u00f3 que\u00a0<strong>ser\u00e1 una decisi\u00f3n del Ministerio de Salud el mantener los subsidios a los medicamentos\u00a0<\/strong>y que, en caso de ser necesario, las aclaraciones sobre el incremento de los precios se har\u00e1n desde esa cartera.<\/p>\n\n\n\n<p>&#8220;En el caso de que el Gobierno nacional entienda que la ayuda, en el marco del precio de los medicamentos de los jubilados, debe seguir, seguir\u00e1, y si no ser\u00e1 una decisi\u00f3n del Ministerio de Salud&#8221;,&nbsp;expres\u00f3 el vocero presidencial<\/p>\n\n\n\n<p>Dentro de los n\u00fameros de la inflaci\u00f3n de noviembre expresados por el&nbsp;<strong>Instituto Nacional de Estad\u00edstica y Censos (Indec),<\/strong>&nbsp;el rubro de mayor aumento en el mes fue Salud, con el&nbsp;<strong>15,9%,<\/strong>&nbsp;producto de las subas en los&nbsp;<strong>medicamentos&nbsp;<\/strong>y en las<strong>&nbsp;cuotas de empresas de medicina prepaga<\/strong>. En la intranual, respecto a noviembre de 2022, fue de m\u00e1s del 171%.<\/p>\n\n\n\n<p>Sin embargo, luego de\u00a0las medidas anunciadas por el ministro de Econom\u00eda, Luis Caputo , destinadas a reducir el d\u00e9ficit fiscal para terminar con la inflaci\u00f3n y el endeudamiento cr\u00f3nico de Argentina, informes privados mostraron<strong>\u00a0subas en los medicamentos de entre un 35% y 40%\u00a0<\/strong>en las primeras semanas de diciembre.<\/p>\n","protected":false},"excerpt":{"rendered":"<p>Los productos medicinales marcaron un aumento del 21% durante noviembre y se registraron mayores subas en las \u00faltimas semanas. En el marco de los\u00a0aumentos\u00a0en los\u00a0precios\u00a0de los\u00a0medicamentos\u00a0registrados en las \u00faltimas semanas,&hellip; <\/p>\n","protected":false},"author":8,"featured_media":111665,"comment_status":"closed","ping_status":"open","sticky":false,"template":"","format":"standard","meta":{"footnotes":""},"categories":[10],"tags":[],"class_list":["post-111664","post","type-post","status-publish","format-standard","has-post-thumbnail","hentry","category-nacionales"],"_links":{"self":[{"href":"https:\/\/corrientesdetarde.com\/index.php\/wp-json\/wp\/v2\/posts\/111664","targetHints":{"allow":["GET"]}}],"collection":[{"href":"https:\/\/corrientesdetarde.com\/index.php\/wp-json\/wp\/v2\/posts"}],"about":[{"href":"https:\/\/corrientesdetarde.com\/index.php\/wp-json\/wp\/v2\/types\/post"}],"author":[{"embeddable":true,"href":"https:\/\/corrientesdetarde.com\/index.php\/wp-json\/wp\/v2\/users\/8"}],"replies":[{"embeddable":true,"href":"https:\/\/corrientesdetarde.com\/index.php\/wp-json\/wp\/v2\/comments?post=111664"}],"version-history":[{"count":1,"href":"https:\/\/corrientesdetarde.com\/index.php\/wp-json\/wp\/v2\/posts\/111664\/revisions"}],"predecessor-version":[{"id":111668,"href":"https:\/\/corrientesdetarde.com\/index.php\/wp-json\/wp\/v2\/posts\/111664\/revisions\/111668"}],"wp:featuredmedia":[{"embeddable":true,"href":"https:\/\/corrientesdetarde.com\/index.php\/wp-json\/wp\/v2\/media\/111665"}],"wp:attachment":[{"href":"https:\/\/corrientesdetarde.com\/index.php\/wp-json\/wp\/v2\/media?parent=111664"}],"wp:term":[{"taxonomy":"category","embeddable":true,"href":"https:\/\/corrientesdetarde.com\/index.php\/wp-json\/wp\/v2\/categories?post=111664"},{"taxonomy":"post_tag","embeddable":true,"href":"https:\/\/corrientesdetarde.com\/index.php\/wp-json\/wp\/v2\/tags?post=111664"}],"curies":[{"name":"wp","href":"https:\/\/api.w.org\/{rel}","templated":true}]}}