{"id":111679,"date":"2023-12-18T17:16:16","date_gmt":"2023-12-18T20:16:16","guid":{"rendered":"https:\/\/corrientesdetarde.com\/?p=111679"},"modified":"2023-12-18T17:16:28","modified_gmt":"2023-12-18T20:16:28","slug":"el-banco-central-bajo-a-110-la-tasa-de-interes-de-los-plazos-fijos-que-va-a-pasar-con-los-uva","status":"publish","type":"post","link":"https:\/\/corrientesdetarde.com\/index.php\/economia\/el-banco-central-bajo-a-110-la-tasa-de-interes-de-los-plazos-fijos-que-va-a-pasar-con-los-uva\/","title":{"rendered":"El Banco Central baj\u00f3 a 110% la tasa de inter\u00e9s de los plazos fijos: qu\u00e9 va a pasar con los UVA"},"content":{"rendered":"\n<p>Lo defini\u00f3 la autoridad monetaria este lunes con \u201cel prop\u00f3sito de clarificar y simplificar la se\u00f1al de tasa de pol\u00edtica monetaria\u201d. Anteriormente, la tasa se ubicaba en 133%.<\/p>\n\n\n\n<p>El Directorio del Banco Central de la Rep\u00fablica Argentina (BCRA)&nbsp;<strong>baj\u00f3 a 110% la tasa de inter\u00e9s de los plazos fijos<\/strong>, que anteriormente estaba en 133%. Lo hizo \u201ccon el prop\u00f3sito de clarificar y simplificar la se\u00f1al de tasa de pol\u00edtica monetaria\u201d.<\/p>\n\n\n\n<p>\u201cEn el contexto de un excedente significativo de liquidez y de elevada inflaci\u00f3n, el Directorio consider\u00f3 prudente mantener una tasa de inter\u00e9s m\u00ednima para los dep\u00f3sitos a plazo fijo, que decidi\u00f3 establecer en 110% nominal anual\u201d, dijo la entidad comandada por Santiago Bausili.<\/p>\n\n\n\n<p>De acuerdo a la informaci\u00f3n oficial, a partir de ma\u00f1ana, la tasa de inter\u00e9s de pol\u00edtica monetaria pasar\u00e1 a ser la tasa de los pases pasivos a un d\u00eda de plazo, tasa que desde el 13 de diciembre fue establecida en 100%.<\/p>\n\n\n\n<figure class=\"wp-block-image\"><img decoding=\"async\" src=\"https:\/\/tn.com.ar\/resizer\/qMHBbw5bmEqp6oBwxRWsU5OPnXg=\/767x0\/smart\/filters:format(webp)\/cloudfront-us-east-1.images.arcpublishing.com\/artear\/5ER62UEV3VAK3N3V652YIFMVSM.jpeg\" alt=\"La autoridad monetaria lo defini\u00f3 con &quot;el prop\u00f3sito de clarificar y simplificar la se\u00f1al de tasa de pol\u00edtica monetaria&quot;. (Foto: Leo Vaca \/ T\u00e9lam)\"\/><\/figure>\n\n\n\n<p>\u201cCon el fin de racionalizar su esquema de gesti\u00f3n de liquidez, el Directorio decidi\u00f3 dejar de realizar licitaciones de LELIQ a futuro, pasando a ser las operaciones de pases pasivos su principal instrumento de absorci\u00f3n de excedentes monetarios\u201d, inform\u00f3 oficialmente.<\/p>\n\n\n\n<p>\u201cAl centralizar sus operaciones en un solo instrumento, y al ser su tasa de pol\u00edtica la \u00fanica tasa de inter\u00e9s de referencia,&nbsp;<strong>se busca hacer m\u00e1s clara la se\u00f1al de pol\u00edtica monetaria&nbsp;<\/strong>y fortalecer su transmisi\u00f3n al resto de las tasas de inter\u00e9s de la econom\u00eda\u201d, detall\u00f3 el BCRA.<\/p>\n\n\n\n<p>Asimismo, el directorio consider\u00f3 que es necesario que el sistema bancario contin\u00fae ofreciendo al p\u00fablico dep\u00f3sitos a plazo fijo ajustables por UVA.<\/p>\n","protected":false},"excerpt":{"rendered":"<p>Lo defini\u00f3 la autoridad monetaria este lunes con \u201cel prop\u00f3sito de clarificar y simplificar la se\u00f1al de tasa de pol\u00edtica monetaria\u201d. Anteriormente, la tasa se ubicaba en 133%. El Directorio&hellip; <\/p>\n","protected":false},"author":8,"featured_media":111680,"comment_status":"closed","ping_status":"open","sticky":false,"template":"","format":"standard","meta":{"footnotes":""},"categories":[20],"tags":[],"class_list":["post-111679","post","type-post","status-publish","format-standard","has-post-thumbnail","hentry","category-economia"],"_links":{"self":[{"href":"https:\/\/corrientesdetarde.com\/index.php\/wp-json\/wp\/v2\/posts\/111679","targetHints":{"allow":["GET"]}}],"collection":[{"href":"https:\/\/corrientesdetarde.com\/index.php\/wp-json\/wp\/v2\/posts"}],"about":[{"href":"https:\/\/corrientesdetarde.com\/index.php\/wp-json\/wp\/v2\/types\/post"}],"author":[{"embeddable":true,"href":"https:\/\/corrientesdetarde.com\/index.php\/wp-json\/wp\/v2\/users\/8"}],"replies":[{"embeddable":true,"href":"https:\/\/corrientesdetarde.com\/index.php\/wp-json\/wp\/v2\/comments?post=111679"}],"version-history":[{"count":1,"href":"https:\/\/corrientesdetarde.com\/index.php\/wp-json\/wp\/v2\/posts\/111679\/revisions"}],"predecessor-version":[{"id":111682,"href":"https:\/\/corrientesdetarde.com\/index.php\/wp-json\/wp\/v2\/posts\/111679\/revisions\/111682"}],"wp:featuredmedia":[{"embeddable":true,"href":"https:\/\/corrientesdetarde.com\/index.php\/wp-json\/wp\/v2\/media\/111680"}],"wp:attachment":[{"href":"https:\/\/corrientesdetarde.com\/index.php\/wp-json\/wp\/v2\/media?parent=111679"}],"wp:term":[{"taxonomy":"category","embeddable":true,"href":"https:\/\/corrientesdetarde.com\/index.php\/wp-json\/wp\/v2\/categories?post=111679"},{"taxonomy":"post_tag","embeddable":true,"href":"https:\/\/corrientesdetarde.com\/index.php\/wp-json\/wp\/v2\/tags?post=111679"}],"curies":[{"name":"wp","href":"https:\/\/api.w.org\/{rel}","templated":true}]}}