{"id":111683,"date":"2023-12-18T17:37:25","date_gmt":"2023-12-18T20:37:25","guid":{"rendered":"https:\/\/corrientesdetarde.com\/?p=111683"},"modified":"2023-12-18T17:37:31","modified_gmt":"2023-12-18T20:37:31","slug":"exitoso-concurso-de-pan-dulce-y-budines","status":"publish","type":"post","link":"https:\/\/corrientesdetarde.com\/index.php\/sociales\/exitoso-concurso-de-pan-dulce-y-budines\/","title":{"rendered":"Exitoso concurso de pan dulce y budines"},"content":{"rendered":"\n<p>Una fiesta de sabores se vivi\u00f3 este domingo en el Paseo Iber\u00e1 en la ciudad de Corrientes, con el Concurso del Mejor Pan Dulce y de Bud\u00edn, organizado por el Ministerio de Desarrollo Social de la Provincia. Dicho evento se realiz\u00f3 en el marco de las ferias de emprendedores, coordinadas por la Direcci\u00f3n de Comercializaci\u00f3n, a cargo de D\u00e9bora Galarza Alcaraz, donde el principal atracitvo fue la mencionada competencia que inici\u00f3 a las 20 horas.<\/p>\n\n\n\n<p>Fue consagrada ganadora de la categor\u00eda Pan Dulce, Ana Paula Lencina; el segundo premio fue para Nazarena G\u00f3mez; y el tercero para Bautista Arque; mientras que en budines el primer premio se lo llev\u00f3 Hugo Alberto Carrizo; y el segundo Sergio Obreg\u00f3n. Fueron 18 los participantes y el jurado estuvo integrado por Estefan\u00eda Cuatro, Soledad Rey Montoya, Pablo Hern\u00e1n Grossi y Juan G\u00f3mez.<\/p>\n\n\n\n<p>Se realizaron entregas de electrodom\u00e9sticos como premios: horno el\u00e9ctrico, licuadora, sandwichera y jarras el\u00e9ctricas. Adem\u00e1s se cont\u00f3 con shows en vivo, que consisti\u00f3 en la actuaci\u00f3n de artistas locales: este s\u00e1bado estuvo el D\u00fao Acuarela y el domingo Leo Acu\u00f1a y el Grupo Generaci\u00f3n.<\/p>\n\n\n\n<p>El concurso se llev\u00f3 a cabo en la Expo Emprendedora, que como cada fin de semana se instal\u00f3 en la bajada del puente General Belgrano, donde participaron m\u00e1s de 300 artesanos y emprendedores.<\/p>\n\n\n\n<p>&#8220;La particularidad que tiene el pan dulce que elabor\u00e9 es el sabor, al amasado le dedico mucho tiempo, y por eso es esponjoso y h\u00famedo, aunque lo m\u00e1s cansador son los golpes que le doy a la masa para que tenga un buen aireado&#8221;, coment\u00f3 Ana Paula Lencina, una de las concursantes. Ella no es feriante, sino que se enter\u00f3 de la competencia por las redes.<\/p>\n\n\n\n<p><strong>La historia detr\u00e1s del pan dulce de Ana Paula<\/strong><\/p>\n\n\n\n<p>&#8220;Fue as\u00ed, creo que el martes o mi\u00e9rcoles de la semana pasada, clientes m\u00edos empezaron a mandarme la captura de pantalla, as\u00ed que cuando empec\u00e9 a recibir mensajes de mis clientes no dude un segundo en anotarme para el concurso&#8221;, acot\u00f3 dicha participante. Y agreg\u00f3: &#8220;Empec\u00e9 a hacer pan dulce hace un mes exactamente, en mi vida lo hab\u00eda hecho, cuando logr\u00e9 lo que realmente quer\u00eda, me largu\u00e9 a la venta; mi objetivo era vender 30 unidades desde el 10 de noviembre que arranqu\u00e9, hasta el 31 de diciembre, solo quer\u00eda vender eso y ya era mucho para mi, pero el objetivo lo cumpl\u00ed en menos de 15 d\u00edas: vend\u00ed los 30 pan dulces a los 15 d\u00edas de largar a la venta, as\u00ed que este premio quiero dedicarles a mis clientes y a los que siguen confiando en mis productos con los ojos cerrados: \u00b4Simplemente Sublime\u00b4 sigue creciendo gracias a la gente&#8221;.<\/p>\n\n\n\n<p>&#8220;No soy repostera profesional, hay una historia detr\u00e1s de esto por lo cual me hizo empezar, y ac\u00e1 estoy a un a\u00f1o y medio de hacer producci\u00f3n de alfajores; de a poquito me voy perfeccionando con cursos online, muy de a poquito, porque los hijos me demanda mucho tiempo y me gusta hacer las cosas bien y que la gente disfrute de lo que hago&#8221;, resalt\u00f3 la ganadora.<\/p>\n\n\n\n<figure class=\"wp-block-image size-large\"><img loading=\"lazy\" decoding=\"async\" width=\"1024\" height=\"768\" src=\"https:\/\/corrientesdetarde.com\/wp-content\/uploads\/2023\/12\/image-442-1024x768.png\" alt=\"\" class=\"wp-image-111685\" srcset=\"https:\/\/corrientesdetarde.com\/wp-content\/uploads\/2023\/12\/image-442-1024x768.png 1024w, https:\/\/corrientesdetarde.com\/wp-content\/uploads\/2023\/12\/image-442-300x225.png 300w, https:\/\/corrientesdetarde.com\/wp-content\/uploads\/2023\/12\/image-442-768x576.png 768w, https:\/\/corrientesdetarde.com\/wp-content\/uploads\/2023\/12\/image-442-1536x1152.png 1536w, https:\/\/corrientesdetarde.com\/wp-content\/uploads\/2023\/12\/image-442.png 2048w\" sizes=\"auto, (max-width: 1024px) 100vw, 1024px\" \/><\/figure>\n\n\n\n<figure class=\"wp-block-image size-large\"><img loading=\"lazy\" decoding=\"async\" width=\"1024\" height=\"768\" src=\"https:\/\/corrientesdetarde.com\/wp-content\/uploads\/2023\/12\/image-443-1024x768.png\" alt=\"\" class=\"wp-image-111686\" srcset=\"https:\/\/corrientesdetarde.com\/wp-content\/uploads\/2023\/12\/image-443-1024x768.png 1024w, https:\/\/corrientesdetarde.com\/wp-content\/uploads\/2023\/12\/image-443-300x225.png 300w, https:\/\/corrientesdetarde.com\/wp-content\/uploads\/2023\/12\/image-443-768x576.png 768w, https:\/\/corrientesdetarde.com\/wp-content\/uploads\/2023\/12\/image-443-1536x1152.png 1536w, https:\/\/corrientesdetarde.com\/wp-content\/uploads\/2023\/12\/image-443.png 2048w\" sizes=\"auto, (max-width: 1024px) 100vw, 1024px\" \/><\/figure>\n\n\n\n<figure class=\"wp-block-image size-large\"><img loading=\"lazy\" decoding=\"async\" width=\"1024\" height=\"768\" src=\"https:\/\/corrientesdetarde.com\/wp-content\/uploads\/2023\/12\/image-444-1024x768.png\" alt=\"\" class=\"wp-image-111687\" srcset=\"https:\/\/corrientesdetarde.com\/wp-content\/uploads\/2023\/12\/image-444-1024x768.png 1024w, https:\/\/corrientesdetarde.com\/wp-content\/uploads\/2023\/12\/image-444-300x225.png 300w, https:\/\/corrientesdetarde.com\/wp-content\/uploads\/2023\/12\/image-444-768x576.png 768w, https:\/\/corrientesdetarde.com\/wp-content\/uploads\/2023\/12\/image-444-1536x1152.png 1536w, https:\/\/corrientesdetarde.com\/wp-content\/uploads\/2023\/12\/image-444.png 2048w\" sizes=\"auto, (max-width: 1024px) 100vw, 1024px\" \/><\/figure>\n\n\n\n<figure class=\"wp-block-image size-large\"><img loading=\"lazy\" decoding=\"async\" width=\"1024\" height=\"768\" src=\"https:\/\/corrientesdetarde.com\/wp-content\/uploads\/2023\/12\/image-445-1024x768.png\" alt=\"\" class=\"wp-image-111688\" srcset=\"https:\/\/corrientesdetarde.com\/wp-content\/uploads\/2023\/12\/image-445-1024x768.png 1024w, https:\/\/corrientesdetarde.com\/wp-content\/uploads\/2023\/12\/image-445-300x225.png 300w, https:\/\/corrientesdetarde.com\/wp-content\/uploads\/2023\/12\/image-445-768x576.png 768w, https:\/\/corrientesdetarde.com\/wp-content\/uploads\/2023\/12\/image-445-1536x1152.png 1536w, https:\/\/corrientesdetarde.com\/wp-content\/uploads\/2023\/12\/image-445.png 2048w\" sizes=\"auto, (max-width: 1024px) 100vw, 1024px\" \/><\/figure>\n\n\n\n<figure class=\"wp-block-image size-large\"><img loading=\"lazy\" decoding=\"async\" width=\"1024\" height=\"768\" src=\"https:\/\/corrientesdetarde.com\/wp-content\/uploads\/2023\/12\/image-446-1024x768.png\" alt=\"\" class=\"wp-image-111689\" srcset=\"https:\/\/corrientesdetarde.com\/wp-content\/uploads\/2023\/12\/image-446-1024x768.png 1024w, https:\/\/corrientesdetarde.com\/wp-content\/uploads\/2023\/12\/image-446-300x225.png 300w, https:\/\/corrientesdetarde.com\/wp-content\/uploads\/2023\/12\/image-446-768x576.png 768w, https:\/\/corrientesdetarde.com\/wp-content\/uploads\/2023\/12\/image-446-1536x1152.png 1536w, https:\/\/corrientesdetarde.com\/wp-content\/uploads\/2023\/12\/image-446-2048x1536.png 2048w\" sizes=\"auto, (max-width: 1024px) 100vw, 1024px\" \/><\/figure>\n\n\n\n<figure class=\"wp-block-image size-large\"><img loading=\"lazy\" decoding=\"async\" width=\"1024\" height=\"768\" src=\"https:\/\/corrientesdetarde.com\/wp-content\/uploads\/2023\/12\/image-447-1024x768.png\" alt=\"\" class=\"wp-image-111690\" srcset=\"https:\/\/corrientesdetarde.com\/wp-content\/uploads\/2023\/12\/image-447-1024x768.png 1024w, https:\/\/corrientesdetarde.com\/wp-content\/uploads\/2023\/12\/image-447-300x225.png 300w, https:\/\/corrientesdetarde.com\/wp-content\/uploads\/2023\/12\/image-447-768x576.png 768w, https:\/\/corrientesdetarde.com\/wp-content\/uploads\/2023\/12\/image-447-1536x1152.png 1536w, https:\/\/corrientesdetarde.com\/wp-content\/uploads\/2023\/12\/image-447-2048x1536.png 2048w\" sizes=\"auto, (max-width: 1024px) 100vw, 1024px\" \/><\/figure>\n\n\n\n<figure class=\"wp-block-image size-large\"><img loading=\"lazy\" decoding=\"async\" width=\"1024\" height=\"768\" src=\"https:\/\/corrientesdetarde.com\/wp-content\/uploads\/2023\/12\/image-448-1024x768.png\" alt=\"\" class=\"wp-image-111691\" srcset=\"https:\/\/corrientesdetarde.com\/wp-content\/uploads\/2023\/12\/image-448-1024x768.png 1024w, https:\/\/corrientesdetarde.com\/wp-content\/uploads\/2023\/12\/image-448-300x225.png 300w, https:\/\/corrientesdetarde.com\/wp-content\/uploads\/2023\/12\/image-448-768x576.png 768w, https:\/\/corrientesdetarde.com\/wp-content\/uploads\/2023\/12\/image-448-1536x1152.png 1536w, https:\/\/corrientesdetarde.com\/wp-content\/uploads\/2023\/12\/image-448-2048x1536.png 2048w\" sizes=\"auto, (max-width: 1024px) 100vw, 1024px\" \/><\/figure>\n\n\n\n<figure class=\"wp-block-image size-large\"><img loading=\"lazy\" decoding=\"async\" width=\"1024\" height=\"768\" src=\"https:\/\/corrientesdetarde.com\/wp-content\/uploads\/2023\/12\/image-449-1024x768.png\" alt=\"\" class=\"wp-image-111692\" srcset=\"https:\/\/corrientesdetarde.com\/wp-content\/uploads\/2023\/12\/image-449-1024x768.png 1024w, https:\/\/corrientesdetarde.com\/wp-content\/uploads\/2023\/12\/image-449-300x225.png 300w, https:\/\/corrientesdetarde.com\/wp-content\/uploads\/2023\/12\/image-449-768x576.png 768w, https:\/\/corrientesdetarde.com\/wp-content\/uploads\/2023\/12\/image-449-1536x1152.png 1536w, https:\/\/corrientesdetarde.com\/wp-content\/uploads\/2023\/12\/image-449-2048x1536.png 2048w\" sizes=\"auto, (max-width: 1024px) 100vw, 1024px\" \/><\/figure>\n","protected":false},"excerpt":{"rendered":"<p>Una fiesta de sabores se vivi\u00f3 este domingo en el Paseo Iber\u00e1 en la ciudad de Corrientes, con el Concurso del Mejor Pan Dulce y de Bud\u00edn, organizado por el&hellip; <\/p>\n","protected":false},"author":8,"featured_media":111685,"comment_status":"closed","ping_status":"open","sticky":false,"template":"","format":"standard","meta":{"footnotes":""},"categories":[17],"tags":[],"class_list":["post-111683","post","type-post","status-publish","format-standard","has-post-thumbnail","hentry","category-sociales"],"_links":{"self":[{"href":"https:\/\/corrientesdetarde.com\/index.php\/wp-json\/wp\/v2\/posts\/111683","targetHints":{"allow":["GET"]}}],"collection":[{"href":"https:\/\/corrientesdetarde.com\/index.php\/wp-json\/wp\/v2\/posts"}],"about":[{"href":"https:\/\/corrientesdetarde.com\/index.php\/wp-json\/wp\/v2\/types\/post"}],"author":[{"embeddable":true,"href":"https:\/\/corrientesdetarde.com\/index.php\/wp-json\/wp\/v2\/users\/8"}],"replies":[{"embeddable":true,"href":"https:\/\/corrientesdetarde.com\/index.php\/wp-json\/wp\/v2\/comments?post=111683"}],"version-history":[{"count":1,"href":"https:\/\/corrientesdetarde.com\/index.php\/wp-json\/wp\/v2\/posts\/111683\/revisions"}],"predecessor-version":[{"id":111697,"href":"https:\/\/corrientesdetarde.com\/index.php\/wp-json\/wp\/v2\/posts\/111683\/revisions\/111697"}],"wp:featuredmedia":[{"embeddable":true,"href":"https:\/\/corrientesdetarde.com\/index.php\/wp-json\/wp\/v2\/media\/111685"}],"wp:attachment":[{"href":"https:\/\/corrientesdetarde.com\/index.php\/wp-json\/wp\/v2\/media?parent=111683"}],"wp:term":[{"taxonomy":"category","embeddable":true,"href":"https:\/\/corrientesdetarde.com\/index.php\/wp-json\/wp\/v2\/categories?post=111683"},{"taxonomy":"post_tag","embeddable":true,"href":"https:\/\/corrientesdetarde.com\/index.php\/wp-json\/wp\/v2\/tags?post=111683"}],"curies":[{"name":"wp","href":"https:\/\/api.w.org\/{rel}","templated":true}]}}