{"id":111698,"date":"2023-12-18T17:40:02","date_gmt":"2023-12-18T20:40:02","guid":{"rendered":"https:\/\/corrientesdetarde.com\/?p=111698"},"modified":"2023-12-18T17:40:14","modified_gmt":"2023-12-18T20:40:14","slug":"riquelme-empieza-un-nuevo-capitulo-con-grandes-desafios-el-poder-y-la-administracion","status":"publish","type":"post","link":"https:\/\/corrientesdetarde.com\/index.php\/deportes\/riquelme-empieza-un-nuevo-capitulo-con-grandes-desafios-el-poder-y-la-administracion\/","title":{"rendered":"Riquelme empieza un nuevo cap\u00edtulo con grandes desaf\u00edos: el poder y la administraci\u00f3n"},"content":{"rendered":"\n<p>El presidente que eligieron los socios asumir\u00e1 su cargo entre errores, aciertos, apoyo masivo y una misi\u00f3n: decidir y delegar para que Boca crezca como instituci\u00f3n.<\/p>\n\n\n\n<p><a href=\"https:\/\/tn.com.ar\/autor\/jbutvilofs\/\"><\/a>Fueron 30.318 votos. Nunca antes en la historia del f\u00fatbol argentino, un candidato a la presidencia de un club hab\u00eda sumado tantas adhesiones, tanto respaldo. Ante este capital, se asoma una responsabilidad que es directamente proporcional.\u00a0Juan Roman Riquelme\u00a0ya tiene lo que quer\u00eda, y ahora lo deber\u00e1 administrar. La elecci\u00f3n hist\u00f3rica, que fue trampol\u00edn para el \u00eddolo y escarnio para la oposici\u00f3n, inaugura<strong>\u00a0un nuevo cap\u00edtulo: el Diez y la gesti\u00f3n.<\/strong><\/p>\n\n\n\n<p>Entre los desaf\u00edos que le esperan a Riquelme asoma uno que ser\u00e1 determinante:<strong>\u00a0el \u201ccampeonato econ\u00f3mico\u201d\u00a0<\/strong>en un pa\u00eds en crisis ser\u00e1 determinante. \u00bfCu\u00e1ntos futbolistas de jerarqu\u00eda internacional optar\u00e1n por competir en Argentina? \u00bfQu\u00e9 har\u00e1n los j\u00f3venes de la instituci\u00f3n? Arturo Vidal y Valent\u00edn Barco, nombres propios como casos testigo de lo que est\u00e1 por venir. Pesos o d\u00f3lares, esa es la cuesti\u00f3n\u2026<\/p>\n\n\n\n<p>La\u00a0<strong>designaci\u00f3n del primer t\u00e9cnico\u00a0<\/strong>del Riquelme presidente tambi\u00e9n marcar\u00e1 el perfil del dirigente. El modelo que ensay\u00f3 con Sebasti\u00e1n Battaglia o Hugo Ibarra condicion\u00f3 a los entrenadores, y el l\u00edmite de los roles del Consejo y los cuerpos t\u00e9cnicos se diluy\u00f3. Con Jorge Almir\u00f3n, la frontera estuvo m\u00e1s clara, pero el DT dilapid\u00f3 el cheque en blanco. Ni una final de Copa Libertadores le sirvi\u00f3 como ancla para conservar el cargo.<\/p>\n\n\n\n<p>Diego Mart\u00ednez, el elegido, obviamente deber\u00e1 ser funcional al plan deportivo de Boca, pero<strong>&nbsp;la din\u00e1mica del plantel y la del Consejo tendr\u00e1n que correr por caminos separados.&nbsp;<\/strong>Para unos, composici\u00f3n de plantel, log\u00edstica y nexo con Riquelme, y para el t\u00e9cnico que ya trabaj\u00f3 en el club: el plantel, el equipo, sin ning\u00fan tipo de intromisi\u00f3n.<\/p>\n\n\n\n<figure class=\"wp-block-image\"><img decoding=\"async\" src=\"https:\/\/tn.com.ar\/resizer\/ijtOTWdKOccoIMxmNY-rYjHnawU=\/767x0\/smart\/filters:format(webp)\/cloudfront-us-east-1.images.arcpublishing.com\/artear\/3N3SLTFBVFGWTDF5QKHXYGCWTM.jpg\" alt=\"El exfutbolista gan\u00f3 en una elecci\u00f3n r\u00e9cord para el club y el f\u00fatbol argentino. (Foto: EFE)\"\/><\/figure>\n\n\n\n<p><strong>La Bombonera, \u201cel patio de la casa\u201d de Riquelme, no se toca.<\/strong>&nbsp;Eso vot\u00f3 el socio que valid\u00f3 lo que dijo Rom\u00e1n. \u00bfC\u00f3mo ampliar\u00e1 el \u00eddolo el estadio ic\u00f3nico? A las promesas hist\u00f3ricas de compra de propiedades linderas se las llev\u00f3 el viento; el vecino dijo \u201cno\u201d. La Bombonera futurista de Andr\u00e9s Ibarra se derrumb\u00f3 dentro de cada urna. Pero Boca tiene alrededor de cien mil socios que pretenden ir a una cancha con capacidad para (m\u00e1s o menos) cincuenta mil. La cuenta no da. Pero el Diez ahora es el presidente. Su oportunidad es una necesidad.<\/p>\n\n\n\n<p>P\u00e1rrafo final para la oposici\u00f3n, que eligi\u00f3 judicializar con argumentos v\u00e1lidos una elecci\u00f3n que ped\u00eda debate futbolero y de administraci\u00f3n. Y&nbsp;<strong>Riquelme, en el centro del ring, noque\u00f3<\/strong>. Ahora que gan\u00f3 la pelea, empieza el partido que so\u00f1\u00f3 jugar desde que colg\u00f3 los botines: el futuro de Boca est\u00e1 atado a sus decisiones, a c\u00f3mo se va a rodear, a qui\u00e9nes va a delegar, y a la pelota, por supuesto, que no estar\u00e1 debajo de su suela. Un equipo de f\u00fatbol logrado, en general, es la consecuencia de una buena administraci\u00f3n. Ese es el gol para el Riquelme de hoy.<\/p>\n","protected":false},"excerpt":{"rendered":"<p>El presidente que eligieron los socios asumir\u00e1 su cargo entre errores, aciertos, apoyo masivo y una misi\u00f3n: decidir y delegar para que Boca crezca como instituci\u00f3n. Fueron 30.318 votos. Nunca&hellip; <\/p>\n","protected":false},"author":8,"featured_media":111699,"comment_status":"closed","ping_status":"open","sticky":false,"template":"","format":"standard","meta":{"footnotes":""},"categories":[4],"tags":[],"class_list":["post-111698","post","type-post","status-publish","format-standard","has-post-thumbnail","hentry","category-deportes"],"_links":{"self":[{"href":"https:\/\/corrientesdetarde.com\/index.php\/wp-json\/wp\/v2\/posts\/111698","targetHints":{"allow":["GET"]}}],"collection":[{"href":"https:\/\/corrientesdetarde.com\/index.php\/wp-json\/wp\/v2\/posts"}],"about":[{"href":"https:\/\/corrientesdetarde.com\/index.php\/wp-json\/wp\/v2\/types\/post"}],"author":[{"embeddable":true,"href":"https:\/\/corrientesdetarde.com\/index.php\/wp-json\/wp\/v2\/users\/8"}],"replies":[{"embeddable":true,"href":"https:\/\/corrientesdetarde.com\/index.php\/wp-json\/wp\/v2\/comments?post=111698"}],"version-history":[{"count":1,"href":"https:\/\/corrientesdetarde.com\/index.php\/wp-json\/wp\/v2\/posts\/111698\/revisions"}],"predecessor-version":[{"id":111701,"href":"https:\/\/corrientesdetarde.com\/index.php\/wp-json\/wp\/v2\/posts\/111698\/revisions\/111701"}],"wp:featuredmedia":[{"embeddable":true,"href":"https:\/\/corrientesdetarde.com\/index.php\/wp-json\/wp\/v2\/media\/111699"}],"wp:attachment":[{"href":"https:\/\/corrientesdetarde.com\/index.php\/wp-json\/wp\/v2\/media?parent=111698"}],"wp:term":[{"taxonomy":"category","embeddable":true,"href":"https:\/\/corrientesdetarde.com\/index.php\/wp-json\/wp\/v2\/categories?post=111698"},{"taxonomy":"post_tag","embeddable":true,"href":"https:\/\/corrientesdetarde.com\/index.php\/wp-json\/wp\/v2\/tags?post=111698"}],"curies":[{"name":"wp","href":"https:\/\/api.w.org\/{rel}","templated":true}]}}