{"id":111841,"date":"2023-12-19T09:22:22","date_gmt":"2023-12-19T12:22:22","guid":{"rendered":"https:\/\/corrientesdetarde.com\/?p=111841"},"modified":"2023-12-19T09:25:56","modified_gmt":"2023-12-19T12:25:56","slug":"el-gobierno-bonaerense-descarto-aplicar-el-protocolo-antipiquete-de-bullrich-criminaliza-la-protesta","status":"publish","type":"post","link":"https:\/\/corrientesdetarde.com\/index.php\/politica\/el-gobierno-bonaerense-descarto-aplicar-el-protocolo-antipiquete-de-bullrich-criminaliza-la-protesta\/","title":{"rendered":"El gobierno bonaerense descart\u00f3 aplicar el protocolo antipiquete de Bullrich: \u201cCriminaliza la protesta\u201d"},"content":{"rendered":"\n<p>El ministro de Gobierno bonaerense,\u00a0<strong>Carlos Bianco,<\/strong>\u00a0descart\u00f3 que vayan a aplicar\u00a0el protocolo antipiquete\u00a0anunciado la semana pasada por la titular de Seguridad,\u00a0<strong>Patricia Bullrich,<\/strong>\u00a0previo a\u00a0<strong>la marcha de organizaciones sociales<\/strong>\u00a0del mi\u00e9rcoles en rechazo al plan de ajuste del gasto p\u00fablico que impulsa el presidente,\u00a0<strong>Javier Milei.\u00a0<\/strong>Bianco consider\u00f3 que el plan de Bullrich \u201ccriminaliza la protesta\u201d.<\/p>\n\n\n\n<p>El funcionario, uno de los m\u00e1s cercanos al gobernador bonaerense,\u00a0<strong>Axel Kicillof,<\/strong>\u00a0dijo que \u201chay contactos\u201d entre el titular de Seguridad provincial,\u00a0<strong>Javier Alonso,<\/strong>\u00a0y Bullrich, que dijo que \u201cson contactos de car\u00e1cter operativo e institucional\u201d, y aclar\u00f3: \u201cA nosotros no nos han solicitado que apliquemos el protocolo, no vamos a aplicar ese protocolo porque\u00a0<strong>no estamos de acuerdo<\/strong>\u00a0con las disposiciones de ese protocolo, que entre otras cosas creo que criminalizan la protesta\u201d.<\/p>\n\n\n\n<p>Bianco dijo que la movilizaci\u00f3n \u201cobviamente que tiene que ser con&nbsp;<strong>cierto orden\u201d<\/strong>&nbsp;pero critic\u00f3 el protocolo anunciado por la ministra de Seguridad: \u201cMe parece que lo que se ha hecho<strong>&nbsp;sobrepasa un l\u00edmite<\/strong>&nbsp;que hemos tenido durante todos estos a\u00f1os de de de democracia, cuestiones de reconocimiento facial, que hay que ver si est\u00e1n validadas en el marco de la normativa legal, son cosas que habr\u00e1 que analizar\u201d.<\/p>\n\n\n\n<p>El funcionario de Kicillof consider\u00f3 que \u201ccierto orden\u201d en las movilizaciones \u201ces que&nbsp;<strong>no se produzcan desmanes\u201d,&nbsp;<\/strong>y plante\u00f3: \u201cObviamente que ninguno hace una protesta si no tiene una necesidad, despu\u00e9s hay muchas cuestiones para discutir, pero cuando me refiero al cierto orden es que el mi\u00e9rcoles no se produzcan desmanes\u201c.<\/p>\n\n\n\n<p>El ministro de Gobierno bonaerense dijo en este sentido que \u201cnadie quiere una situaci\u00f3n de violencia, ni de desmanes\u201d, y que por eso trabajar\u00e1n para que el mi\u00e9rcoles \u201cno se produzca ninguna de estas situaciones en el territorio de la provincia de Buenos Aires\u201d, en declaraciones a&nbsp;<em>radio La Red.<\/em><\/p>\n\n\n\n<h2 class=\"wp-block-heading\">Las claves del protocolo antipiquetes anunciado por Patricia Bullrich<\/h2>\n\n\n\n<ul class=\"wp-block-list\"><li>La semana pasada Bullrich anunci\u00f3 en conferencia de prensa que \u201clas&nbsp;<strong>cuatro fuerzas federales,<\/strong>&nbsp;m\u00e1s el Servicio Penitenciario Federal, van a intervenir frente a cortes, piquetes o bloqueos, sean parciales o totales\u201d.<\/li><li>Habr\u00e1<strong>&nbsp;\u201cseveras multas<\/strong>&nbsp;a todos aquellos involucrados en impedir la circulaci\u00f3n\u201d en la calle, que alcanzar\u00e1n \u201cal que corta, al que transporta, al que organiza y al que financia\u201d.<\/li><li>La ministra de Seguridad anticip\u00f3 que \u201cse va a actuar hasta&nbsp;<strong>dejar totalmente liberado<\/strong>&nbsp;el espacio de circulaci\u00f3n\u201d y que \u201clos costos vinculados a los operativos se les enviar\u00e1 la factura a las organizaciones, el Estado no va a pagar por el uso de la fuerza de seguridad, tendr\u00e1n que pagar las organizaciones que tengan personer\u00eda o los individuos responsables\u201d.<\/li><li>Adelant\u00f3 que \u201cse va a trabajar en las estaciones de trenes para identificar a aquellas personas que vayan con alg\u00fan tipo de material como palos, o sean caras tapadas o formas de participar en una manifestaci\u00f3n intentando no ser reconocido por las fuerzas de seguridad\u201d.<\/li><li>Explic\u00f3 que llamar\u00e1 a su par bonaerense \u201cpara que colabore en el control de las autopistas, en los veh\u00edculos y en las entradas y en las estaciones de trenes\u201d, y advirti\u00f3:&nbsp;<strong>\u201cSi ellos no act\u00faan, lo haremos nosotros.<\/strong>&nbsp;Creemos que el pa\u00eds entero tiene que colaborar. Hay que entender que todos tenemos que vivir en paz y en orden\u201d.<\/li><\/ul>\n","protected":false},"excerpt":{"rendered":"<p>El ministro de Gobierno bonaerense,\u00a0Carlos Bianco,\u00a0descart\u00f3 que vayan a aplicar\u00a0el protocolo antipiquete\u00a0anunciado la semana pasada por la titular de Seguridad,\u00a0Patricia Bullrich,\u00a0previo a\u00a0la marcha de organizaciones sociales\u00a0del mi\u00e9rcoles en rechazo al&hellip; <\/p>\n","protected":false},"author":12,"featured_media":111844,"comment_status":"closed","ping_status":"open","sticky":false,"template":"","format":"standard","meta":{"footnotes":""},"categories":[3],"tags":[],"class_list":["post-111841","post","type-post","status-publish","format-standard","has-post-thumbnail","hentry","category-politica"],"_links":{"self":[{"href":"https:\/\/corrientesdetarde.com\/index.php\/wp-json\/wp\/v2\/posts\/111841","targetHints":{"allow":["GET"]}}],"collection":[{"href":"https:\/\/corrientesdetarde.com\/index.php\/wp-json\/wp\/v2\/posts"}],"about":[{"href":"https:\/\/corrientesdetarde.com\/index.php\/wp-json\/wp\/v2\/types\/post"}],"author":[{"embeddable":true,"href":"https:\/\/corrientesdetarde.com\/index.php\/wp-json\/wp\/v2\/users\/12"}],"replies":[{"embeddable":true,"href":"https:\/\/corrientesdetarde.com\/index.php\/wp-json\/wp\/v2\/comments?post=111841"}],"version-history":[{"count":2,"href":"https:\/\/corrientesdetarde.com\/index.php\/wp-json\/wp\/v2\/posts\/111841\/revisions"}],"predecessor-version":[{"id":111849,"href":"https:\/\/corrientesdetarde.com\/index.php\/wp-json\/wp\/v2\/posts\/111841\/revisions\/111849"}],"wp:featuredmedia":[{"embeddable":true,"href":"https:\/\/corrientesdetarde.com\/index.php\/wp-json\/wp\/v2\/media\/111844"}],"wp:attachment":[{"href":"https:\/\/corrientesdetarde.com\/index.php\/wp-json\/wp\/v2\/media?parent=111841"}],"wp:term":[{"taxonomy":"category","embeddable":true,"href":"https:\/\/corrientesdetarde.com\/index.php\/wp-json\/wp\/v2\/categories?post=111841"},{"taxonomy":"post_tag","embeddable":true,"href":"https:\/\/corrientesdetarde.com\/index.php\/wp-json\/wp\/v2\/tags?post=111841"}],"curies":[{"name":"wp","href":"https:\/\/api.w.org\/{rel}","templated":true}]}}