{"id":111879,"date":"2023-12-19T10:36:12","date_gmt":"2023-12-19T13:36:12","guid":{"rendered":"https:\/\/corrientesdetarde.com\/?p=111879"},"modified":"2023-12-19T10:37:39","modified_gmt":"2023-12-19T13:37:39","slug":"sudestada-crecida-de-hasta-35-metros-calles-anegadas-y-decenas-de-evacuados","status":"publish","type":"post","link":"https:\/\/corrientesdetarde.com\/index.php\/informacion-general\/sudestada-crecida-de-hasta-35-metros-calles-anegadas-y-decenas-de-evacuados\/","title":{"rendered":"Sudestada: crecida de hasta 3,5 metros, calles anegadas y decenas de evacuados"},"content":{"rendered":"\n<p>Tras la fuerte crecida de las aguas del R\u00edo de la Plata, entre la noche del lunes y la madrugada de este martes, se produjeron varios anegamientos en distintos puntos de la zona costera del \u00c1rea Metropolitana de Buenos Aires (AMBA), lo que sumaba inconvenientes a los ocurridos por la ca\u00edda de \u00e1rboles y postes por el temporal del s\u00e1bado pasado.<\/p>\n\n\n\n<p>Los principales anegamientos se produc\u00edan en los distritos de\u00a0San Isidro, San Fernando, Tigre, Avellaneda y Quilmes,\u00a0y varias familias debieron ser evacuadas por bomberos voluntarios y agentes de Defensa Civil, aunque las aguas hab\u00edan comenzado a bajar esta ma\u00f1ana, sobre todo en la zona norte, por lo que varias de ellas regresaban a sus hogares.<\/p>\n\n\n\n<p>En la Ciudad de Buenos Aires varios puntos se inundaron a la madrugada y las aguas alcanzaron sitios como el predio del\u00a0Hip\u00f3dromo de Buenos Aires.<\/p>\n\n\n\n<p>El Servicio de Hidrograf\u00eda Naval hab\u00eda estimado que el nivel de la crecida, descripta como la m\u00e1s importante de los \u00faltimos a\u00f1os, iba a superar los 3,50 en puntos como San Fernando, La Plata o el puerto de Buenos Aires.<\/p>\n\n\n\n<figure class=\"wp-block-image\"><img decoding=\"async\" src=\"https:\/\/www.mdzol.com\/u\/fotografias\/m\/2023\/12\/19\/f768x1-1524758_1524885_15.jpg\" alt=\"\"\/><figcaption>El ingreso al Hip\u00f3dromo de Palermo, bloqueado por el avance del agua.<\/figcaption><\/figure>\n\n\n\n<p>Un total de 70 personas fueron evacuadas por la crecida del R\u00edo de la Plata en la localidad bonaerense de Punta Lara, partido de Ensenada, donde esta ma\u00f1ana contin\u00faa el operativo de contenci\u00f3n y asistencia a los vecinos.<\/p>\n\n\n\n<figure class=\"wp-block-image\"><img decoding=\"async\" src=\"https:\/\/www.mdzol.com\/u\/fotografias\/m\/2023\/12\/19\/f768x1-1524752_1524879_15.jpg\" alt=\"\"\/><figcaption>La zona de Quilmes y Avellaneda presentaba importantes anegamientos esta ma\u00f1ana. Foto: T\u00e9lam<\/figcaption><\/figure>\n\n\n\n<p>Seg\u00fan inform\u00f3 la comuna que dirige el intendente Mario Secco, &#8220;hasta el momento, 70 personas fueron evacuadas en el Polideportivo de la localidad&#8221;. A la vez, &#8220;las 50 unidades continuar\u00e1n trabajando para atender a quienes lo requieran y hasta que se consume el regreso de los vecinos a sus domicilios&#8221;.<\/p>\n\n\n\n<p>Desde anoche, se precis\u00f3, la totalidad de los funcionarios del Ejecutivo, junto a los concejales y empleados municipales, estuvieron a cargo del cuidado de las personas alcanzadas por la inundaci\u00f3n, junto al personal de Defensa Civil, Prefectura, polic\u00eda bonaerense y los bomberos voluntarios.<\/p>\n","protected":false},"excerpt":{"rendered":"<p>Tras la fuerte crecida de las aguas del R\u00edo de la Plata, entre la noche del lunes y la madrugada de este martes, se produjeron varios anegamientos en distintos puntos&hellip; <\/p>\n","protected":false},"author":12,"featured_media":111897,"comment_status":"closed","ping_status":"open","sticky":false,"template":"","format":"standard","meta":{"footnotes":""},"categories":[1],"tags":[],"class_list":["post-111879","post","type-post","status-publish","format-standard","has-post-thumbnail","hentry","category-informacion-general"],"_links":{"self":[{"href":"https:\/\/corrientesdetarde.com\/index.php\/wp-json\/wp\/v2\/posts\/111879","targetHints":{"allow":["GET"]}}],"collection":[{"href":"https:\/\/corrientesdetarde.com\/index.php\/wp-json\/wp\/v2\/posts"}],"about":[{"href":"https:\/\/corrientesdetarde.com\/index.php\/wp-json\/wp\/v2\/types\/post"}],"author":[{"embeddable":true,"href":"https:\/\/corrientesdetarde.com\/index.php\/wp-json\/wp\/v2\/users\/12"}],"replies":[{"embeddable":true,"href":"https:\/\/corrientesdetarde.com\/index.php\/wp-json\/wp\/v2\/comments?post=111879"}],"version-history":[{"count":2,"href":"https:\/\/corrientesdetarde.com\/index.php\/wp-json\/wp\/v2\/posts\/111879\/revisions"}],"predecessor-version":[{"id":111901,"href":"https:\/\/corrientesdetarde.com\/index.php\/wp-json\/wp\/v2\/posts\/111879\/revisions\/111901"}],"wp:featuredmedia":[{"embeddable":true,"href":"https:\/\/corrientesdetarde.com\/index.php\/wp-json\/wp\/v2\/media\/111897"}],"wp:attachment":[{"href":"https:\/\/corrientesdetarde.com\/index.php\/wp-json\/wp\/v2\/media?parent=111879"}],"wp:term":[{"taxonomy":"category","embeddable":true,"href":"https:\/\/corrientesdetarde.com\/index.php\/wp-json\/wp\/v2\/categories?post=111879"},{"taxonomy":"post_tag","embeddable":true,"href":"https:\/\/corrientesdetarde.com\/index.php\/wp-json\/wp\/v2\/tags?post=111879"}],"curies":[{"name":"wp","href":"https:\/\/api.w.org\/{rel}","templated":true}]}}