{"id":111881,"date":"2023-12-19T10:31:49","date_gmt":"2023-12-19T13:31:49","guid":{"rendered":"https:\/\/corrientesdetarde.com\/?p=111881"},"modified":"2023-12-19T10:32:57","modified_gmt":"2023-12-19T13:32:57","slug":"capitanich-entrego-los-vehiculos-oficiales-danados-y-uno-era-usado-por-un-piquetero","status":"publish","type":"post","link":"https:\/\/corrientesdetarde.com\/index.php\/politica\/capitanich-entrego-los-vehiculos-oficiales-danados-y-uno-era-usado-por-un-piquetero\/","title":{"rendered":"Capitanich entreg\u00f3 los veh\u00edculos oficiales da\u00f1ados y uno era usado por un piquetero"},"content":{"rendered":"\n<p>El actual oficialismo de\u00a0<strong>Chaco<\/strong>, encabezado por\u00a0<strong>Leandro Zdero<\/strong>\u00a0(Juntos por el Cambio), a una semana de comenzar su gesti\u00f3n denunci\u00f3 un fuerte desorden estatal tras a\u00f1os de kirchnerismo. De este modo, trascendi\u00f3 que los\u00a0<strong>veh\u00edculos<\/strong>\u00a0oficiales fueron entregados en mal estado por usos indebidos y falta de mantenimiento: luces rotas, abolladuras y\u00a0ruedas pinchadas, y algunos eran usados por piqueteros.\u00a0<\/p>\n\n\n\n<p>Carolina&nbsp;Meiri\u00f1o, secretaria general del Gobierno, se\u00f1al\u00f3 a&nbsp;<strong>MDZ<\/strong>: &#8220;Una situaci\u00f3n alarmante es el desconocimiento de la ubicaci\u00f3n de los&nbsp;<strong>veh\u00edculos<\/strong>. Como fue de com\u00fan conocimiento, uno de ellos era de uso particular de un piquetero. Esta no es una situaci\u00f3n aislada y seguimos investigando caso por caso. Un trabajo que nos va a llevar tiempo por el desorden en el que se encuentra&#8221;.&nbsp;<\/p>\n\n\n\n<figure class=\"wp-block-image\"><img decoding=\"async\" src=\"https:\/\/www.mdzol.com\/u\/fotografias\/m\/2023\/12\/18\/f768x400-1524580_1568483_10.jpeg\" alt=\"\"\/><figcaption>Capitanich entreg\u00f3 los veh\u00edculos oficiales da\u00f1ados. Foto:&nbsp;Gentileza Carolina Meiri\u00f1o<\/figcaption><\/figure>\n\n\n\n<h2 class=\"wp-block-heading\">Chaco: veh\u00edculos oficiales deteriorados e irregularidades en los pagos<\/h2>\n\n\n\n<p>Los autom\u00f3viles reci\u00e9n fueron apareciendo a medida que se realizaron los pedidos\u00a0pertinentes, y a\u00fan falta ubicar m\u00e1s. Tienen\u00a0m\u00e1s de 75 fojas con 100 autos por\u00a0cada una, y a\u00a0la mayor\u00eda los est\u00e1n rastreando, es decir, no saben d\u00f3nde est\u00e1n. Y de aquellos que ya est\u00e1n en sus manos,\u00a0solo unos pocos se encuentran en buen estado.<\/p>\n\n\n\n<p>&#8220;El resto est\u00e1n&nbsp;chocados, averiados o en&nbsp;situaci\u00f3n de deterioro, sin tener en cuenta las irregularidades de pagos de patente, seguros y dem\u00e1s. Tambi\u00e9n nos encontramos con autos de alta gama que eran de uso particular de funcionarios. Estamos trabajando caso por caso&#8221;, sum\u00f3&nbsp;Meiri\u00f1o.<\/p>\n\n\n\n<figure class=\"wp-block-image\"><img decoding=\"async\" src=\"https:\/\/www.mdzol.com\/u\/fotografias\/m\/2023\/12\/18\/f768x400-1524581_1568484_7.jpeg\" alt=\"\"\/><figcaption>Los veh\u00edculos oficiales da\u00f1ados, con pagos irregulares y piqueteros involucrados. Foto:&nbsp;Gentileza Carolina Meiri\u00f1o<\/figcaption><\/figure>\n\n\n\n<p>Anunci\u00f3, adem\u00e1s, que los propios empleados de la administraci\u00f3n p\u00fablica colaboran en medio del caos heredado. Tambi\u00e9n se tom\u00f3&nbsp;contacto con varias direcciones que dependen de la Secretar\u00eda General de Gobierno, donde dieron cuenta de un parque automotor destruido que no estaba, y cuyos medios de transporte van apareciendo de a poco con los requerimientos necesarios.<\/p>\n","protected":false},"excerpt":{"rendered":"<p>El actual oficialismo de\u00a0Chaco, encabezado por\u00a0Leandro Zdero\u00a0(Juntos por el Cambio), a una semana de comenzar su gesti\u00f3n denunci\u00f3 un fuerte desorden estatal tras a\u00f1os de kirchnerismo. De este modo, trascendi\u00f3&hellip; <\/p>\n","protected":false},"author":12,"featured_media":111890,"comment_status":"closed","ping_status":"open","sticky":false,"template":"","format":"standard","meta":{"footnotes":""},"categories":[3],"tags":[],"class_list":["post-111881","post","type-post","status-publish","format-standard","has-post-thumbnail","hentry","category-politica"],"_links":{"self":[{"href":"https:\/\/corrientesdetarde.com\/index.php\/wp-json\/wp\/v2\/posts\/111881","targetHints":{"allow":["GET"]}}],"collection":[{"href":"https:\/\/corrientesdetarde.com\/index.php\/wp-json\/wp\/v2\/posts"}],"about":[{"href":"https:\/\/corrientesdetarde.com\/index.php\/wp-json\/wp\/v2\/types\/post"}],"author":[{"embeddable":true,"href":"https:\/\/corrientesdetarde.com\/index.php\/wp-json\/wp\/v2\/users\/12"}],"replies":[{"embeddable":true,"href":"https:\/\/corrientesdetarde.com\/index.php\/wp-json\/wp\/v2\/comments?post=111881"}],"version-history":[{"count":2,"href":"https:\/\/corrientesdetarde.com\/index.php\/wp-json\/wp\/v2\/posts\/111881\/revisions"}],"predecessor-version":[{"id":111894,"href":"https:\/\/corrientesdetarde.com\/index.php\/wp-json\/wp\/v2\/posts\/111881\/revisions\/111894"}],"wp:featuredmedia":[{"embeddable":true,"href":"https:\/\/corrientesdetarde.com\/index.php\/wp-json\/wp\/v2\/media\/111890"}],"wp:attachment":[{"href":"https:\/\/corrientesdetarde.com\/index.php\/wp-json\/wp\/v2\/media?parent=111881"}],"wp:term":[{"taxonomy":"category","embeddable":true,"href":"https:\/\/corrientesdetarde.com\/index.php\/wp-json\/wp\/v2\/categories?post=111881"},{"taxonomy":"post_tag","embeddable":true,"href":"https:\/\/corrientesdetarde.com\/index.php\/wp-json\/wp\/v2\/tags?post=111881"}],"curies":[{"name":"wp","href":"https:\/\/api.w.org\/{rel}","templated":true}]}}