{"id":111986,"date":"2023-12-19T16:48:15","date_gmt":"2023-12-19T19:48:15","guid":{"rendered":"https:\/\/corrientesdetarde.com\/?p=111986"},"modified":"2023-12-19T16:48:27","modified_gmt":"2023-12-19T19:48:27","slug":"rio-negro-pagara-el-aguinaldo-en-dos-cuotas","status":"publish","type":"post","link":"https:\/\/corrientesdetarde.com\/index.php\/economia\/rio-negro-pagara-el-aguinaldo-en-dos-cuotas\/","title":{"rendered":"R\u00edo Negro pagar\u00e1 el aguinaldo en dos cuotas"},"content":{"rendered":"\n<p>El gobernador Alberto Weretilneck adelant\u00f3 que pagar\u00e1 una parte del aguinaldo antes de las Fiestas y la otra con el sueldo que se cobra en enero.<\/p>\n\n\n\n<p>En medio de las medidas de ajuste del gobierno de<strong>&nbsp;Javier Milei<\/strong>, la provincia de R\u00edo Negro inform\u00f3 que pagar\u00e1 el&nbsp;<strong>aguinaldo en dos cuotas, &#8220;una parte antes de las fiestas y la otra despu\u00e9s del sueldo que se cobra en enero&#8221;.<\/strong><\/p>\n\n\n\n<p>De esta manera el gobierno de&nbsp;<strong>Alberto Weretilneck<\/strong>&nbsp;seguir\u00e1 los paso de su par de San Luis,&nbsp;<strong>Luis Poggi<\/strong>, quien ya habpia anunciado la misma decisi\u00f3n d\u00edas atr\u00e1s.<\/p>\n\n\n\n<p>La noticia fue confirmada por el secretario general de Gobierno,\u00a0<strong>Nelson Cides<\/strong>, en el marco del reclamo de los sindicatos estatales rionegrinos.<\/p>\n\n\n\n<p>En este sentido, el funcionario asegur\u00f3 a medios radiales que la metodolog\u00eda se encuadra en &#8220;las posibilidades&#8221; que tiene el Gobierno provincial: &#8220;Por el momento es lo que tenemos&#8221;, sostuvo.<\/p>\n\n\n\n<p>El reclamo de pago del aguinaldo estuvo encabezado por los docentes nucleados en la Uni\u00f3n de Trabajadores de la Educaci\u00f3n (Unter), que exigieron que &#8220;se pague de inmediato&#8221;, y por la Asociaci\u00f3n de Trabajadores del Estado (ATE), que rechaza que se concrete &#8220;en dos cuotas&#8221;.<\/p>\n\n\n\n<p>&#8220;Los salarios de los trabajadores se han visto pulverizados, nos encontramos frente a una situaci\u00f3n l\u00edmite&#8221;, dijo un comunicado el secretario general de ATE,&nbsp;<strong>Rodrigo Vicente.<\/strong><\/p>\n\n\n\n<p>Seg\u00fan la informaci\u00f3n del Gobierno provincial, la pr\u00f3xima reuni\u00f3n paritaria de la Mesa de la Funci\u00f3n P\u00fablica integrada por los sindicatos estatales rionegrinos est\u00e1 programada para el mi\u00e9rcoles.<\/p>\n\n\n\n<p>Nelson Cides explic\u00f3 que la posibilidad de pagar el aguinaldo de esa manera &#8220;es la \u00fanica posibilidad&#8221;.<\/p>\n\n\n\n<p>&#8220;Esta es la realidad, si entran 10 no podemos gastar 30, para qu\u00e9 vamos a anunciar medidas que no las vamos a poder cumplir. La situaci\u00f3n es compleja para todos, esta semana vamos a intentar definir las fechas de pago&#8221;, asegur\u00f3.<\/p>\n\n\n\n<p>Seg\u00fan inform\u00f3 el funcionario, durante la \u00faltima reuni\u00f3n de gabinete de la semana pasada se defini\u00f3 priorizar al Ministerio de Salud y al de Seguridad y &#8220;fundamentalmente a la polic\u00eda&#8221;, precis\u00f3.<\/p>\n\n\n\n<p>Asimismo, explic\u00f3 que la metodolog\u00eda de pago resulta de una sumatoria de situaciones: por un lado, el anuncio del Gobierno nacional y por otro la deuda provincial, que ronda los 30.000 millones de pesos.<\/p>\n\n\n\n<p>&#8220;Las determinaciones del Gobierno nacional, sumadas a la deuda de la provincia, result\u00f3 en una recesi\u00f3n; mucho de esto tendr\u00e1 que ver lo que se discuta en la reuni\u00f3n de ma\u00f1ana en la que va a participar el gobernador Weretilneck&#8221; con el presidente Javier Milei, apunt\u00f3 Cides.<\/p>\n","protected":false},"excerpt":{"rendered":"<p>El gobernador Alberto Weretilneck adelant\u00f3 que pagar\u00e1 una parte del aguinaldo antes de las Fiestas y la otra con el sueldo que se cobra en enero. En medio de las&hellip; <\/p>\n","protected":false},"author":8,"featured_media":111987,"comment_status":"closed","ping_status":"open","sticky":false,"template":"","format":"standard","meta":{"footnotes":""},"categories":[20],"tags":[],"class_list":["post-111986","post","type-post","status-publish","format-standard","has-post-thumbnail","hentry","category-economia"],"_links":{"self":[{"href":"https:\/\/corrientesdetarde.com\/index.php\/wp-json\/wp\/v2\/posts\/111986","targetHints":{"allow":["GET"]}}],"collection":[{"href":"https:\/\/corrientesdetarde.com\/index.php\/wp-json\/wp\/v2\/posts"}],"about":[{"href":"https:\/\/corrientesdetarde.com\/index.php\/wp-json\/wp\/v2\/types\/post"}],"author":[{"embeddable":true,"href":"https:\/\/corrientesdetarde.com\/index.php\/wp-json\/wp\/v2\/users\/8"}],"replies":[{"embeddable":true,"href":"https:\/\/corrientesdetarde.com\/index.php\/wp-json\/wp\/v2\/comments?post=111986"}],"version-history":[{"count":1,"href":"https:\/\/corrientesdetarde.com\/index.php\/wp-json\/wp\/v2\/posts\/111986\/revisions"}],"predecessor-version":[{"id":111988,"href":"https:\/\/corrientesdetarde.com\/index.php\/wp-json\/wp\/v2\/posts\/111986\/revisions\/111988"}],"wp:featuredmedia":[{"embeddable":true,"href":"https:\/\/corrientesdetarde.com\/index.php\/wp-json\/wp\/v2\/media\/111987"}],"wp:attachment":[{"href":"https:\/\/corrientesdetarde.com\/index.php\/wp-json\/wp\/v2\/media?parent=111986"}],"wp:term":[{"taxonomy":"category","embeddable":true,"href":"https:\/\/corrientesdetarde.com\/index.php\/wp-json\/wp\/v2\/categories?post=111986"},{"taxonomy":"post_tag","embeddable":true,"href":"https:\/\/corrientesdetarde.com\/index.php\/wp-json\/wp\/v2\/tags?post=111986"}],"curies":[{"name":"wp","href":"https:\/\/api.w.org\/{rel}","templated":true}]}}