{"id":112002,"date":"2023-12-19T17:15:46","date_gmt":"2023-12-19T20:15:46","guid":{"rendered":"https:\/\/corrientesdetarde.com\/?p=112002"},"modified":"2023-12-19T17:15:58","modified_gmt":"2023-12-19T20:15:58","slug":"los-detalles-del-paquete-de-leyes-que-enviara-milei-al-congreso-moratoria-bienes-personales-y-blanqueo","status":"publish","type":"post","link":"https:\/\/corrientesdetarde.com\/index.php\/politica\/los-detalles-del-paquete-de-leyes-que-enviara-milei-al-congreso-moratoria-bienes-personales-y-blanqueo\/","title":{"rendered":"Los detalles del paquete de leyes que enviar\u00e1 Milei al Congreso: moratoria, bienes personales y blanqueo"},"content":{"rendered":"\n<p>El llamado a sesiones extraordinarias ser\u00e1 esta semana. \u201cTenemos necesidad de caja\u201d, aseguraron en el Gobierno.<\/p>\n\n\n\n<p>El gobierno de\u00a0Javier Milei ultima los detalles del paquete de leyes que enviar\u00e1 al Congreso en breve y que incluir\u00e1 reformas<strong>\u00a0tributarias<\/strong>\u00a0y electorales. Seg\u00fan pudo saber<strong>,<\/strong>\u00a0el primero de los paquetes que ingresar\u00e1 al Congreso incorporar\u00e1 -entre otros puntos- una\u00a0<strong>moratoria<\/strong>,\u00a0<strong>bienes personales<\/strong>\u00a0y el\u00a0<strong>blanqueo<\/strong>. \u201cEs una urgencia de caja\u201d, reconocen en el Gobierno. Y agregaron: \u201c<strong>La primera reforma es la fiscal e impositiva<\/strong>\u201d.<\/p>\n\n\n\n<p>El paquete de leyes genera expectativas porque se estima que incluir\u00e1 reformas que tienen como meta\u00a0<strong>reducir el gasto y bajar el d\u00e9ficit fiscal<\/strong>. Adem\u00e1s, se especula con la posibilidad de que se impulsen cambios en el r\u00e9gimen legal econ\u00f3mico, con eje en la\u00a0<strong>apertura comercial<\/strong>, y tambi\u00e9n una reforma en materia\u00a0<strong>pol\u00edtica<\/strong>\u00a0y, posiblemente,\u00a0<strong>electoral<\/strong>.<\/p>\n\n\n\n<figure class=\"wp-block-image\"><img decoding=\"async\" src=\"https:\/\/tn.com.ar\/resizer\/aREy0vBvMcTH3sBmjEVXJ2vRCUE=\/767x0\/smart\/filters:format(webp)\/cloudfront-us-east-1.images.arcpublishing.com\/artear\/XVYWTGRSR5B3VFWM6SAEPT242E.JPG\" alt=\"El flamante presidente de la C\u00e1mara Baja, Mart\u00edn Menem, ser\u00e1 clave para conseguir acuerdos. (Foto: prensa C\u00e1mara de Diputados de la Naci\u00f3n)\"\/><\/figure>\n\n\n\n<p>\u201cSer\u00e1 inminente. No puedo definir cu\u00e1ndo, pero aseguro que es en lo inminente\u201d, se\u00f1al\u00f3 el lunes el vocero presidencial, Manuel Adorni, en su habitual conferencia de prensa diaria en Casa Rosada, a una consulta acerca de cu\u00e1ndo se conocer\u00edan los detalles de la iniciativa que ser\u00e1 puesta en an\u00e1lisis del Congreso.<\/p>\n\n\n\n<p>Seg\u00fan pudo saber\u00a0, el llamado a\u00a0<strong>sesiones extraordinarias<\/strong>\u00a0a diputados y senadores\u00a0<strong>podr\u00eda producirse este jueves<\/strong>, mientras que la publicaci\u00f3n del anunciado decreto de necesidad y urgencia (DNU) de desregulaci\u00f3n econ\u00f3mica se dar\u00eda a conocer este mi\u00e9rcoles.<\/p>\n\n\n\n<p>Adorni, al respecto, indic\u00f3 que tanto el proyecto de \u201cley \u00f3mnibus\u201d como el DNU son temas<strong>\u00a0\u201cmuy complejos no solo desde la propia redacci\u00f3n, sino jur\u00eddicamente\u201d<\/strong>.<\/p>\n\n\n\n<p>En esa l\u00ednea,<strong>&nbsp;Milei analiza restaurar el viejo esquema del impuesto de las Ganancias<\/strong>&nbsp;e incluirlo en las leyes a tratar para lograr acordar con los gobernadores, que ya hicieron el pedido de su recomposici\u00f3n. En la misma negociaci\u00f3n&nbsp;<strong>entra el uso coparticipable del 50% de lo recaudado por el impuesto al cheque, pero esta medida dif\u00edcilmente avance<\/strong>. Seg\u00fan trascendi\u00f3, a cambio de la recomposici\u00f3n impositiva, el Gobierno les pide apoyo para las reformas y responsabilidad fiscal a los mandatarios provinciales.<\/p>\n\n\n\n<p>En las \u00faltimas horas trascendieron otros detalles sobre la \u201cley \u00f3mnibus\u201d: en el paquete estar\u00e1 la reforma para\u00a0<strong>quitar las PASO y la transici\u00f3n hacia un sistema de boleta \u00fanica<\/strong>.<\/p>\n\n\n\n<p>Al mandar la ley al Congreso,&nbsp;<strong>Milei pondr\u00e1 en juego su capital pol\u00edtico<\/strong>&nbsp;y la capacidad de negociaci\u00f3n de&nbsp;<strong>La Libertad Avanza<\/strong>&nbsp;con otras fuerzas pol\u00edticas; as\u00ed tambi\u00e9n con los gobernadores, que se insisten con<strong>&nbsp;los recursos coparticipables<\/strong>&nbsp;y la rebaja de transferencias del Tesoro nacional.<\/p>\n\n\n\n<p>En ese contexto, el titular de la C\u00e1mara de Diputados,<strong>&nbsp;Mart\u00edn Menem, mantiene reuniones con los diputados<\/strong>&nbsp;y con los jefes de bloque para ultimar la futura composici\u00f3n de las comisiones permanentes y su presidencia. Se trata de Presupuesto, Legislaci\u00f3n General, Asuntos Constitucionales, entre otras.<\/p>\n","protected":false},"excerpt":{"rendered":"<p>El llamado a sesiones extraordinarias ser\u00e1 esta semana. \u201cTenemos necesidad de caja\u201d, aseguraron en el Gobierno. El gobierno de\u00a0Javier Milei ultima los detalles del paquete de leyes que enviar\u00e1 al&hellip; <\/p>\n","protected":false},"author":8,"featured_media":112003,"comment_status":"closed","ping_status":"open","sticky":false,"template":"","format":"standard","meta":{"footnotes":""},"categories":[3],"tags":[],"class_list":["post-112002","post","type-post","status-publish","format-standard","has-post-thumbnail","hentry","category-politica"],"_links":{"self":[{"href":"https:\/\/corrientesdetarde.com\/index.php\/wp-json\/wp\/v2\/posts\/112002","targetHints":{"allow":["GET"]}}],"collection":[{"href":"https:\/\/corrientesdetarde.com\/index.php\/wp-json\/wp\/v2\/posts"}],"about":[{"href":"https:\/\/corrientesdetarde.com\/index.php\/wp-json\/wp\/v2\/types\/post"}],"author":[{"embeddable":true,"href":"https:\/\/corrientesdetarde.com\/index.php\/wp-json\/wp\/v2\/users\/8"}],"replies":[{"embeddable":true,"href":"https:\/\/corrientesdetarde.com\/index.php\/wp-json\/wp\/v2\/comments?post=112002"}],"version-history":[{"count":1,"href":"https:\/\/corrientesdetarde.com\/index.php\/wp-json\/wp\/v2\/posts\/112002\/revisions"}],"predecessor-version":[{"id":112004,"href":"https:\/\/corrientesdetarde.com\/index.php\/wp-json\/wp\/v2\/posts\/112002\/revisions\/112004"}],"wp:featuredmedia":[{"embeddable":true,"href":"https:\/\/corrientesdetarde.com\/index.php\/wp-json\/wp\/v2\/media\/112003"}],"wp:attachment":[{"href":"https:\/\/corrientesdetarde.com\/index.php\/wp-json\/wp\/v2\/media?parent=112002"}],"wp:term":[{"taxonomy":"category","embeddable":true,"href":"https:\/\/corrientesdetarde.com\/index.php\/wp-json\/wp\/v2\/categories?post=112002"},{"taxonomy":"post_tag","embeddable":true,"href":"https:\/\/corrientesdetarde.com\/index.php\/wp-json\/wp\/v2\/tags?post=112002"}],"curies":[{"name":"wp","href":"https:\/\/api.w.org\/{rel}","templated":true}]}}