{"id":112005,"date":"2023-12-19T17:29:14","date_gmt":"2023-12-19T20:29:14","guid":{"rendered":"https:\/\/corrientesdetarde.com\/?p=112005"},"modified":"2023-12-19T17:29:25","modified_gmt":"2023-12-19T20:29:25","slug":"supermercados-estamos-peleando-para-no-aumentar-tanto","status":"publish","type":"post","link":"https:\/\/corrientesdetarde.com\/index.php\/economia\/supermercados-estamos-peleando-para-no-aumentar-tanto\/","title":{"rendered":"supermercados: \u201cEstamos peleando para no aumentar tanto\u201d"},"content":{"rendered":"\n<p>El gerente de una cadena de supermercados de Corrientes coment\u00f3  que \u201cel personal administrativo no da abasto\u201d con la actualizaci\u00f3n de listas. Explic\u00f3 que hay mercader\u00edas, pero se ven obligados a actualizar valores, debido a que los proveedores aplican subas de entre 100 y 150 por ciento en algunos casos. \u00a0<\/p>\n\n\n\n<p><audio src=\"https:\/\/www.radiosudamericana.com\/notix\/multimedia\/audios\/2023-12-19\/919991.mp3\"><\/audio><\/p>\n\n\n\n<p>Ra\u00fal Rogido coment\u00f3 que est\u00e1n recibiendo listas de productos con aumentos que en algunos casos rondan entre el 100 y el 150 por ciento. \u201cEstamos peleando para no aumentar tanto\u201d, reconoci\u00f3, aunque apunt\u00f3 que \u201cno nos podemos quedar sin productos\u201d.<\/p>\n\n\n\n<p>Indic\u00f3 que \u201cmercader\u00eda hay, pero con otros valores\u201d y que en algunos casos se est\u00e1n resignando primeras marcas para que los clientes tengan opciones accesibles. \u201cVamos a buscar productos que los clientes puedan validar\u201d, dijo y recomend\u00f3 que \u201cno busquen validar cosas que tienen precios altos, aunque eso vaya en contra nuestra\u201d.<\/p>\n\n\n\n<p>Otro de los problemas es la baja de las ventas que hace que \u201cno se cubren los valores de reposici\u00f3n\u201d, recordando que las mayores subas se dieron en carnes, productos de limpieza y bebidas, entre otros \u00edtems. Esto se da en diciembre, un mes que suele ser de alto consumo.&nbsp;<\/p>\n","protected":false},"excerpt":{"rendered":"<p>El gerente de una cadena de supermercados de Corrientes coment\u00f3 que \u201cel personal administrativo no da abasto\u201d con la actualizaci\u00f3n de listas. Explic\u00f3 que hay mercader\u00edas, pero se ven obligados&hellip; <\/p>\n","protected":false},"author":8,"featured_media":112006,"comment_status":"closed","ping_status":"open","sticky":false,"template":"","format":"standard","meta":{"footnotes":""},"categories":[20],"tags":[],"class_list":["post-112005","post","type-post","status-publish","format-standard","has-post-thumbnail","hentry","category-economia"],"_links":{"self":[{"href":"https:\/\/corrientesdetarde.com\/index.php\/wp-json\/wp\/v2\/posts\/112005","targetHints":{"allow":["GET"]}}],"collection":[{"href":"https:\/\/corrientesdetarde.com\/index.php\/wp-json\/wp\/v2\/posts"}],"about":[{"href":"https:\/\/corrientesdetarde.com\/index.php\/wp-json\/wp\/v2\/types\/post"}],"author":[{"embeddable":true,"href":"https:\/\/corrientesdetarde.com\/index.php\/wp-json\/wp\/v2\/users\/8"}],"replies":[{"embeddable":true,"href":"https:\/\/corrientesdetarde.com\/index.php\/wp-json\/wp\/v2\/comments?post=112005"}],"version-history":[{"count":1,"href":"https:\/\/corrientesdetarde.com\/index.php\/wp-json\/wp\/v2\/posts\/112005\/revisions"}],"predecessor-version":[{"id":112007,"href":"https:\/\/corrientesdetarde.com\/index.php\/wp-json\/wp\/v2\/posts\/112005\/revisions\/112007"}],"wp:featuredmedia":[{"embeddable":true,"href":"https:\/\/corrientesdetarde.com\/index.php\/wp-json\/wp\/v2\/media\/112006"}],"wp:attachment":[{"href":"https:\/\/corrientesdetarde.com\/index.php\/wp-json\/wp\/v2\/media?parent=112005"}],"wp:term":[{"taxonomy":"category","embeddable":true,"href":"https:\/\/corrientesdetarde.com\/index.php\/wp-json\/wp\/v2\/categories?post=112005"},{"taxonomy":"post_tag","embeddable":true,"href":"https:\/\/corrientesdetarde.com\/index.php\/wp-json\/wp\/v2\/tags?post=112005"}],"curies":[{"name":"wp","href":"https:\/\/api.w.org\/{rel}","templated":true}]}}