{"id":112011,"date":"2023-12-19T17:36:57","date_gmt":"2023-12-19T20:36:57","guid":{"rendered":"https:\/\/corrientesdetarde.com\/?p=112011"},"modified":"2023-12-19T17:37:03","modified_gmt":"2023-12-19T20:37:03","slug":"la-vuelta-de-los-derechos-de-exportacion-genero-un-fuerte-reclamo-de-los-productores-de-huevos","status":"publish","type":"post","link":"https:\/\/corrientesdetarde.com\/index.php\/informacion-general\/la-vuelta-de-los-derechos-de-exportacion-genero-un-fuerte-reclamo-de-los-productores-de-huevos\/","title":{"rendered":"La vuelta de los derechos de exportaci\u00f3n gener\u00f3 un fuerte reclamo de los productores de huevos"},"content":{"rendered":"\n<p>La c\u00e1mara sectorial solicit\u00f3 a la secretar\u00eda de Agricultura la exclusi\u00f3n del gravamen del 15%. Argumentan que la fragiliad del sector afecta a m\u00e1s de 1000 empresas y miles de empleos directos e indirectos.<\/p>\n\n\n\n<p>La C\u00e1mara Argentina de Productores e Industrializadores Av\u00edcolas (CAPIA) levant\u00f3 la voz ante la reciente decisi\u00f3n gubernamental de reintroducir\u00a0<strong>derechos de exportaci\u00f3n a las\u00a0<\/strong>econom\u00edas regionales. La entidad solicit\u00f3 formalmente a la secretar\u00eda de Agricultura de la Naci\u00f3n que excluya al<strong> huevo y a los ovoproductos<\/strong>\u00a0de la lista de posiciones arancelarias afectadas por el nuevo gravamen del 15%.<\/p>\n\n\n\n<p>En este contexto,<strong>\u00a0Javier Prida<\/strong>, presidente de CAPIA, expres\u00f3 su preocupaci\u00f3n en una carta detallada enviada al titular de la nueva cartera de Agricultura. En el documento, Prida destac\u00f3 la fragilidad del sector av\u00edcola y argument\u00f3 que aplicar retenciones a productos que agregan valor y generan empleo no es equitativo. \u201c<strong>Entendemos el contexto del pa\u00eds, pero no es lo mismo cobrar el 15%<\/strong>\u00a0a sectores primarizados que a quienes<strong>\u00a0transformamos y agregamos valor<\/strong>\u201d, se\u00f1al\u00f3 Prida.<\/p>\n\n\n\n<p>Adem\u00e1s, la c\u00e1mara av\u00edcola explic\u00f3 que\u00a0<strong>el 85% de la matriz de la industria est\u00e1 dolarizada<\/strong>, haciendo inviable econ\u00f3micamente exportar a p\u00e9rdida con un tipo de cambio de $707 mientras se importa a $963,5 (ambos al d\u00eda de hoy). Este escenario amenaza a m\u00e1s de 1000 empresas familiares distribuidas en 16 provincias, que emplean directa e indirectamente a m\u00e1s de 30.000 personas.<\/p>\n\n\n\n<p>Adem\u00e1s, el sector av\u00edcola argentino, que fue un actor relevante en los mercados externos, ahora ve disminuir sus posibilidades de recuperar terreno en medio de la reimposici\u00f3n de retenciones. CAPIA busca sensibilizar sobre las implicancias econ\u00f3micas y laborales de estas medidas, subrayaron la importancia de preservar la competitividad y la proyecci\u00f3n internacional de la industria av\u00edcola del pa\u00eds.<\/p>\n\n\n\n<figure class=\"wp-block-image\"><img decoding=\"async\" src=\"https:\/\/tn.com.ar\/resizer\/K-TKYRoE4io-9dcfyJRtmkozePw=\/767x0\/smart\/filters:format(webp)\/cloudfront-us-east-1.images.arcpublishing.com\/artear\/YJ2DL675JFBEDEZMUMDWUMWRCM.png\" alt=\"&quot;Entendemos el contexto del pa\u00eds, pero no es lo mismo cobrar el 15% a sectores primarizados que a quienes transformamos y agregamos valor\u201d, se\u00f1al\u00f3 Javier Prida, presidente de la C\u00e1mara Argentina de Productores e Industrializadores Av\u00edcolas (CAPIA). (Foto: C\u00e1tedra av\u00edcola).\"\/><\/figure>\n\n\n\n<h2 class=\"wp-block-heading\"><strong>El sector av\u00edcola en n\u00fameros y su impacto en el empleo<\/strong><\/h2>\n\n\n\n<p>Con un total de&nbsp;<strong>1030 granjas productivas<\/strong>, Argentina cuenta con una vasta industria av\u00edcola que actualmente alberga<strong>&nbsp;52.630.000 aves<\/strong>&nbsp;en postura y&nbsp;<strong>10.500.000 aves en recr\u00eda<\/strong>. Seg\u00fan las estimaciones de la c\u00e1mara, se espera que la<strong>&nbsp;producci\u00f3n de huevos&nbsp;<\/strong>alcance la cifra de&nbsp;<strong>15.500.000.000 en 2023<\/strong>, generando empleo para&nbsp;<strong>18.000 personas de manera directa y 12.000 de manera indirecta<\/strong>.<\/p>\n\n\n\n<p>Asimismo, Prida, expres\u00f3 su profunda preocupaci\u00f3n por la situaci\u00f3n econ\u00f3mica de las empresas av\u00edcolas. Actualmente, los costos de producci\u00f3n superan significativamente los precios de venta. Prida se\u00f1al\u00f3 que incluso una empresa con<strong>\u00a050.000 aves<\/strong>, similar al promedio nacional,<strong>\u00a0enfrenta p\u00e9rdidas cercanas a $1.505,47 por caj\u00f3n producido<\/strong>. La situaci\u00f3n se agrava para las empresas m\u00e1s peque\u00f1as, ya que sus costos fijos m\u00e1s altos aumentan sus p\u00e9rdidas, afirm\u00f3.<\/p>\n\n\n\n<p>A su vez, la escalada en el valor de los insumos<strong>&nbsp;elev\u00f3 los costos de producci\u00f3n en un 33,33%<\/strong>&nbsp;desde el 11 de diciembre hasta la fecha actual, mientras que los precios de venta solo se ajustaron en un 25%, explicaron. Este desbalance econ\u00f3mico provoc\u00f3 una disminuci\u00f3n significativa de las exportaciones, tanto en volumen como en divisas, durante el a\u00f1o. Seg\u00fan datos oficiales de Agricultura, los vol\u00famenes de exportaci\u00f3n de la industria av\u00edcola experimentaron una contracci\u00f3n del 25% hasta el 31 de octubre de 2023. La falta de competitividad fue un factor determinante en este descenso, marca un desaf\u00edo adicional para la&nbsp;<strong>industria av\u00edcola<\/strong>&nbsp;argentina en su proyecci\u00f3n internacional.<\/p>\n\n\n\n<figure class=\"wp-block-image\"><img decoding=\"async\" src=\"https:\/\/tn.com.ar\/resizer\/1vbDnhfKugCfZIheV9HOcd5TKL4=\/767x0\/smart\/filters:format(webp)\/cloudfront-us-east-1.images.arcpublishing.com\/artear\/TRLE7DQFAFEKPH7OQ2AKYVC2PE.jpg\" alt=\"Se proyecta que la producci\u00f3n de huevos alcance los 15.500 millones en 2023, genera empleo directo para 18.000 personas y de manera indirecta para otras 12.000. (Foto: Adobe Stock).\"\/><\/figure>\n\n\n\n<p>No obstante, CAPIA reafirm\u00f3 su postura respecto a las medidas actuales, argumentando que estas generan desinter\u00e9s en los mercados externos debido a la persistente falta de rentabilidad. En palabras de Prida, \u201ccon las actuales medidas se prev\u00e9 una<strong>\u00a0ca\u00edda en los niveles de exportaciones<\/strong>\u00a0en el rango de<strong>\u00a0US$20.000.000<\/strong>, una disminuci\u00f3n del 33%, lo que entendemos resultar\u00eda en un ingreso potencial de\u00a0<strong>US$3.000.000 para el Estado Nacional<\/strong>\u00a0en concepto de derechos de exportaci\u00f3n, aproximadamente US$250.000 por mes\u201d.<\/p>\n\n\n\n<p>En tanto, Prida destac\u00f3 la convicci\u00f3n de la c\u00e1mara en que otorgar competitividad al sector av\u00edcola puede llevar a un crecimiento significativo. Enfatiz\u00f3, \u201cSabemos que si le&nbsp;<strong>damos competitividad<\/strong>&nbsp;al sector podemos en breve tiempo<strong>&nbsp;duplicar las actuales exportaciones<\/strong>&nbsp;y aseguramos superar los&nbsp;<strong>US$50.000.000 anuales<\/strong>, generando en forma inmediata m\u00e1s de&nbsp;<strong>500 puestos de trabajo directos&nbsp;<\/strong>y otros tantos en forma indirecta\u201d.<\/p>\n\n\n\n<figure class=\"wp-block-image\"><img decoding=\"async\" src=\"https:\/\/tn.com.ar\/resizer\/W1kQrwxPnR9hAWlz1RIw2tnipp0=\/767x0\/smart\/filters:format(webp)\/cloudfront-us-east-1.images.arcpublishing.com\/artear\/L5DI3JWVPNE5PGORBPIDP5XUCU.jpg\" alt=\"La escalada en el valor de los insumos ha incrementado los costos de producci\u00f3n en un 33,33% desde el 11 de diciembre hasta la fecha actual, a pesar de que los precios de venta solo han experimentado un ajuste del 25%, seg\u00fan explicaron. (Adobe Stock).\"\/><\/figure>\n\n\n\n<p>Por \u00faltimo, Prida concluy\u00f3 con una visi\u00f3n a futuro, expresando la convicci\u00f3n de que el crecimiento del sector av\u00edcola se encuentra en la v\u00eda de la exportaci\u00f3n.&nbsp;<strong>\u201cEstamos convencidos de que m\u00e1s exportaci\u00f3n implica m\u00e1s valor agregado al ma\u00edz y a la soja<\/strong>, m\u00e1s empleo, m\u00e1s divisas y una mayor formalizaci\u00f3n del sector. Es un camino hacia un crecimiento sostenible que beneficia tanto a la industria como a la econom\u00eda nacional\u201d.<\/p>\n","protected":false},"excerpt":{"rendered":"<p>La c\u00e1mara sectorial solicit\u00f3 a la secretar\u00eda de Agricultura la exclusi\u00f3n del gravamen del 15%. Argumentan que la fragiliad del sector afecta a m\u00e1s de 1000 empresas y miles de&hellip; <\/p>\n","protected":false},"author":8,"featured_media":112012,"comment_status":"closed","ping_status":"open","sticky":false,"template":"","format":"standard","meta":{"footnotes":""},"categories":[1],"tags":[],"class_list":["post-112011","post","type-post","status-publish","format-standard","has-post-thumbnail","hentry","category-informacion-general"],"_links":{"self":[{"href":"https:\/\/corrientesdetarde.com\/index.php\/wp-json\/wp\/v2\/posts\/112011","targetHints":{"allow":["GET"]}}],"collection":[{"href":"https:\/\/corrientesdetarde.com\/index.php\/wp-json\/wp\/v2\/posts"}],"about":[{"href":"https:\/\/corrientesdetarde.com\/index.php\/wp-json\/wp\/v2\/types\/post"}],"author":[{"embeddable":true,"href":"https:\/\/corrientesdetarde.com\/index.php\/wp-json\/wp\/v2\/users\/8"}],"replies":[{"embeddable":true,"href":"https:\/\/corrientesdetarde.com\/index.php\/wp-json\/wp\/v2\/comments?post=112011"}],"version-history":[{"count":1,"href":"https:\/\/corrientesdetarde.com\/index.php\/wp-json\/wp\/v2\/posts\/112011\/revisions"}],"predecessor-version":[{"id":112013,"href":"https:\/\/corrientesdetarde.com\/index.php\/wp-json\/wp\/v2\/posts\/112011\/revisions\/112013"}],"wp:featuredmedia":[{"embeddable":true,"href":"https:\/\/corrientesdetarde.com\/index.php\/wp-json\/wp\/v2\/media\/112012"}],"wp:attachment":[{"href":"https:\/\/corrientesdetarde.com\/index.php\/wp-json\/wp\/v2\/media?parent=112011"}],"wp:term":[{"taxonomy":"category","embeddable":true,"href":"https:\/\/corrientesdetarde.com\/index.php\/wp-json\/wp\/v2\/categories?post=112011"},{"taxonomy":"post_tag","embeddable":true,"href":"https:\/\/corrientesdetarde.com\/index.php\/wp-json\/wp\/v2\/tags?post=112011"}],"curies":[{"name":"wp","href":"https:\/\/api.w.org\/{rel}","templated":true}]}}