{"id":112014,"date":"2023-12-19T17:41:59","date_gmt":"2023-12-19T20:41:59","guid":{"rendered":"https:\/\/corrientesdetarde.com\/?p=112014"},"modified":"2023-12-19T17:42:10","modified_gmt":"2023-12-19T20:42:10","slug":"antonela-roccuzzo-reafirmo-su-faceta-fashionista-cinto-vuitton-y-el-chaleco-del-momento","status":"publish","type":"post","link":"https:\/\/corrientesdetarde.com\/index.php\/tendencias\/antonela-roccuzzo-reafirmo-su-faceta-fashionista-cinto-vuitton-y-el-chaleco-del-momento\/","title":{"rendered":"Antonela Roccuzzo reafirm\u00f3 su faceta fashionista: cinto Vuitton y el chaleco del momento"},"content":{"rendered":"\n<p>De la mano de una de las marcas de las que es embajadora, deslumbr\u00f3 con cl\u00e1sicos de temporada y un toque de lujo.<\/p>\n\n\n\n<p>Mientras acompa\u00f1a a\u00a0Leo Messi en cada nueva etapa de su carrera futbol\u00edstica,\u00a0Antonella Roccuzzo\u00a0da forma a su faceta fashionista e<em>\u00a0it girl\u00a0<\/em>de las redes sociales. Embajadora de formas como\u00a0Tiffany\u00a0y Alo, en las \u00faltimas horas pos\u00f3 para promocionar una l\u00ednea de cuidado para el cabello y se rob\u00f3 las miradas con su look.<\/p>\n\n\n\n<p>Madame Messi comparti\u00f3 la apuesta, que lleva su sello, con sus seguidores de Instagram. Cl\u00e1sica como de costumbre pero\u00a0<em>glam<\/em>, apost\u00f3 al<em><strong>\u00a0total black<\/strong><\/em>\u00a0con un\u00a0<strong>chaleco de sastrer\u00eda<\/strong>\u00a0-el\u00a0<em>hit<\/em>\u00a0de la temporada y uno de los favoritos de su vestidor- a juego con un<strong>\u00a0pantal\u00f3n de terminaci\u00f3n acampanada.<\/strong><\/p>\n\n\n\n<figure class=\"wp-block-image\"><img decoding=\"async\" src=\"https:\/\/tn.com.ar\/resizer\/LmD8X8K8S7mvv0zPpSuf9Hub47s=\/767x0\/smart\/filters:format(webp)\/cloudfront-us-east-1.images.arcpublishing.com\/artear\/UWAD4GPHPFFUNL3Z6GM2Z44EMY.jpg\" alt=\"Antonela Roccuzzo combin\u00f3 un conjunto de sastrer\u00eda con un trench de cuero. (Foto: Instagram\/@antonelaoccuzzo)\"\/><\/figure>\n\n\n\n<p>Por encima del conjunto negro sum\u00f3 otro cl\u00e1sico al tono que no falla: un<strong>&nbsp;abrigo estilo&nbsp;<\/strong><em><strong>trench<\/strong><\/em><em><strong>coat<\/strong><\/em>de cuero que complement\u00f3 con un accesorio de lujo. \u00bfSu elegido?<strong>&nbsp;Un cinto firmado por Louis Vuitton,<\/strong>&nbsp;una de las marcas que la acompa\u00f1a en importantes eventos, en color marr\u00f3n con el cl\u00e1sico monograma.<\/p>\n\n\n\n<figure class=\"wp-block-image\"><img decoding=\"async\" src=\"https:\/\/tn.com.ar\/resizer\/VrR7hSL7S86QhnvSM2cTvEeMpaU=\/767x0\/smart\/filters:format(webp)\/cloudfront-us-east-1.images.arcpublishing.com\/artear\/UYVJJBXWPBFHRF7DW6O2YYJOK4.jpg\" alt=\"Antonela Roccuzzo sum\u00f3 un complemento de Vuitton a su look. (Foto: Instagram\/@antonelaoccuzzo)\"\/><\/figure>\n\n\n\n<p>Sofisticada y&nbsp;<em>glam<\/em>&nbsp;como de costumbre, complet\u00f3 el conjunto con calzado negro, un collar de eslabones dorados y un&nbsp;<em>beauty look<\/em>&nbsp;fiel a su estilo:&nbsp;<strong>el pelo suelto con ondas<\/strong>&nbsp;y maquillaje que incluy\u00f3<strong>&nbsp;m\u00e1scara de pesta\u00f1as, rubor y&nbsp;<\/strong><em><strong>gloss<\/strong><\/em><strong>&nbsp;en los labios.<\/strong><\/p>\n\n\n\n<p>Como era de esperarse, la publicaci\u00f3n explot\u00f3 en los primeros minutos. Adem\u00e1s de sumar cientos de miles de&nbsp;<em>likes<\/em>, los elogios no faltaron en la secci\u00f3n de comentarios.&nbsp;<strong>\u201cAlta diosa argentina\u201d, \u201cPrimera dama del mundo\u201d y \u201cReina\u201d&nbsp;<\/strong>son algunos de los mensajes que se pueden leer en el posteo.<\/p>\n\n\n\n<h2 class=\"wp-block-heading\">Antonela Roccuzzo, fan\u00e1tica del chaleco que es tendencia<\/h2>\n\n\n\n<p>Esta no es la primera vez que Antonela Roccuzzo reafirma el furor por los&nbsp;<strong>chalecos<\/strong>&nbsp;de sastrer\u00eda. Algunos meses atr\u00e1s, desde Miami, se fotografi\u00f3 con un dise\u00f1o&nbsp;<strong>escotad\u00edsimo<\/strong>&nbsp;en&nbsp;<strong>rosa<\/strong>&nbsp;-el color de la camiseta de su marido y uno de los m\u00e1s predominantes de su vestidor- y mostr\u00f3 c\u00f3mo usarlo en la temporada de verano.<\/p>\n\n\n\n<figure class=\"wp-block-image\"><img decoding=\"async\" src=\"https:\/\/tn.com.ar\/resizer\/0rr9sv1QL_AYBz7ow7Pdpu2SWI0=\/767x0\/smart\/filters:format(webp)\/cloudfront-us-east-1.images.arcpublishing.com\/artear\/4AQMFDERYBGILFFJ3OIL6CWLYM.jpg\" alt=\"Antonela Roccuzzo combin\u00f3 su look con accesorios y manicura al tono. (Foto: Instagram\/@antonelaroccuzzo)\"\/><\/figure>\n\n\n\n<p>En esa oportunidad, llev\u00f3 la prenda directamente sobre la piel y sin nada por encima. Para completar el conjunto eligi\u00f3 dos b\u00e1sicos de su closet: un pantal\u00f3n de jean celeste tiro alto ajustado y una<em><strong>minibag<\/strong><\/em><strong>\u00a0Chanel\u00a0<\/strong>-su marca de lujo favorita-\u00a0<strong>de tweed rosa, a juego con el chaleco, con cadena dorada adornada con cuentas.\u00a0<\/strong>Es el mismo modelo que us\u00f3 para el debut de Leo Messi en el Inter de Miami.<\/p>\n\n\n\n<figure class=\"wp-block-image size-large\"><img loading=\"lazy\" decoding=\"async\" width=\"821\" height=\"1024\" src=\"https:\/\/corrientesdetarde.com\/wp-content\/uploads\/2023\/12\/image-483-821x1024.png\" alt=\"\" class=\"wp-image-112015\" srcset=\"https:\/\/corrientesdetarde.com\/wp-content\/uploads\/2023\/12\/image-483-821x1024.png 821w, https:\/\/corrientesdetarde.com\/wp-content\/uploads\/2023\/12\/image-483-241x300.png 241w, https:\/\/corrientesdetarde.com\/wp-content\/uploads\/2023\/12\/image-483-768x957.png 768w, https:\/\/corrientesdetarde.com\/wp-content\/uploads\/2023\/12\/image-483-1232x1536.png 1232w, https:\/\/corrientesdetarde.com\/wp-content\/uploads\/2023\/12\/image-483.png 1440w\" sizes=\"auto, (max-width: 821px) 100vw, 821px\" \/><\/figure>\n","protected":false},"excerpt":{"rendered":"<p>De la mano de una de las marcas de las que es embajadora, deslumbr\u00f3 con cl\u00e1sicos de temporada y un toque de lujo. Mientras acompa\u00f1a a\u00a0Leo Messi en cada nueva&hellip; <\/p>\n","protected":false},"author":8,"featured_media":112016,"comment_status":"closed","ping_status":"open","sticky":false,"template":"","format":"standard","meta":{"footnotes":""},"categories":[28],"tags":[],"class_list":["post-112014","post","type-post","status-publish","format-standard","has-post-thumbnail","hentry","category-tendencias"],"_links":{"self":[{"href":"https:\/\/corrientesdetarde.com\/index.php\/wp-json\/wp\/v2\/posts\/112014","targetHints":{"allow":["GET"]}}],"collection":[{"href":"https:\/\/corrientesdetarde.com\/index.php\/wp-json\/wp\/v2\/posts"}],"about":[{"href":"https:\/\/corrientesdetarde.com\/index.php\/wp-json\/wp\/v2\/types\/post"}],"author":[{"embeddable":true,"href":"https:\/\/corrientesdetarde.com\/index.php\/wp-json\/wp\/v2\/users\/8"}],"replies":[{"embeddable":true,"href":"https:\/\/corrientesdetarde.com\/index.php\/wp-json\/wp\/v2\/comments?post=112014"}],"version-history":[{"count":1,"href":"https:\/\/corrientesdetarde.com\/index.php\/wp-json\/wp\/v2\/posts\/112014\/revisions"}],"predecessor-version":[{"id":112017,"href":"https:\/\/corrientesdetarde.com\/index.php\/wp-json\/wp\/v2\/posts\/112014\/revisions\/112017"}],"wp:featuredmedia":[{"embeddable":true,"href":"https:\/\/corrientesdetarde.com\/index.php\/wp-json\/wp\/v2\/media\/112016"}],"wp:attachment":[{"href":"https:\/\/corrientesdetarde.com\/index.php\/wp-json\/wp\/v2\/media?parent=112014"}],"wp:term":[{"taxonomy":"category","embeddable":true,"href":"https:\/\/corrientesdetarde.com\/index.php\/wp-json\/wp\/v2\/categories?post=112014"},{"taxonomy":"post_tag","embeddable":true,"href":"https:\/\/corrientesdetarde.com\/index.php\/wp-json\/wp\/v2\/tags?post=112014"}],"curies":[{"name":"wp","href":"https:\/\/api.w.org\/{rel}","templated":true}]}}