{"id":112018,"date":"2023-12-19T17:45:04","date_gmt":"2023-12-19T20:45:04","guid":{"rendered":"https:\/\/corrientesdetarde.com\/?p=112018"},"modified":"2023-12-19T17:45:16","modified_gmt":"2023-12-19T20:45:16","slug":"se-sorteo-la-copa-argentina-boca-y-river-ya-conocen-a-sus-rivales-en-primera-ronda","status":"publish","type":"post","link":"https:\/\/corrientesdetarde.com\/index.php\/deportes\/se-sorteo-la-copa-argentina-boca-y-river-ya-conocen-a-sus-rivales-en-primera-ronda\/","title":{"rendered":"Se sorte\u00f3 la Copa Argentina: Boca y River ya conocen a sus rivales en primera ronda"},"content":{"rendered":"\n<p>La edici\u00f3n 2024 del certamen federal comenzar\u00e1 en la instancia de 32avos de final.<\/p>\n\n\n\n<p>Este martes se sorte\u00f3 el cuadro principal de la edici\u00f3n 2024\u00a0Copa Argentina en el predio Lionel Andr\u00e9s Messi de Ezeiza. En los 32avos de final,\u00a0<strong>Boca<\/strong>\u00a0se medir\u00e1 con Central Norte de Salta, mientras que\u00a0<strong>River<\/strong>\u00a0jugar\u00e1 ante Excursionistas.<\/p>\n\n\n\n<p>El bolillero tambi\u00e9n determin\u00f3 que Independiente har\u00e1 su presentaci\u00f3n ante Deportivo Laferrere. Racing, mientras tanto, enfrentar\u00e1 a San Mart\u00edn de Burzaco y San Lorenzo chocar\u00e1 con Independiente de Chivilcoy.<\/p>\n\n\n\n<figure class=\"wp-block-image\"><img decoding=\"async\" src=\"https:\/\/tn.com.ar\/resizer\/j4AI8cUSRA79mE8-WibGX2YKxak=\/767x0\/smart\/filters:format(webp)\/cloudfront-us-east-1.images.arcpublishing.com\/artear\/CUIVYQMZKJCVPCP3LZPAINSSPQ.jpg\" alt=\"El cuadro principal de la Copa Argentina 2024 (Foto: captura TyC Sports)\"\/><\/figure>\n\n\n\n<p>La duod\u00e9cima edici\u00f3n de la&nbsp;<strong>Copa Argentina&nbsp;<\/strong>tendr\u00e1&nbsp;la participaci\u00f3n de 64 clubes: estar\u00e1n los&nbsp;<strong>28&nbsp;<\/strong>equipos de&nbsp;la Liga Profesional, los mejores&nbsp;<strong>15<\/strong>&nbsp;de la Primera Nacional, los&nbsp;<strong>cinco&nbsp;<\/strong>de la Primera B Metropolitana, los&nbsp;<strong>cuatro<\/strong>&nbsp;de la Primera C, los&nbsp;<strong>dos&nbsp;<\/strong>de la Primera D, y los&nbsp;<strong>10<\/strong>&nbsp;clasificados del Torneo Federal.<\/p>\n\n\n\n<p>Estudiantes de La Plata es el \u00faltimo campe\u00f3n del torneo m\u00e1s federal del f\u00fatbol argentino. Se consagr\u00f3 luego de vencer por 1-0 en la final a Defensa y Justicia.<\/p>\n","protected":false},"excerpt":{"rendered":"<p>La edici\u00f3n 2024 del certamen federal comenzar\u00e1 en la instancia de 32avos de final. Este martes se sorte\u00f3 el cuadro principal de la edici\u00f3n 2024\u00a0Copa Argentina en el predio Lionel&hellip; <\/p>\n","protected":false},"author":8,"featured_media":112019,"comment_status":"closed","ping_status":"open","sticky":false,"template":"","format":"standard","meta":{"footnotes":""},"categories":[4],"tags":[],"class_list":["post-112018","post","type-post","status-publish","format-standard","has-post-thumbnail","hentry","category-deportes"],"_links":{"self":[{"href":"https:\/\/corrientesdetarde.com\/index.php\/wp-json\/wp\/v2\/posts\/112018","targetHints":{"allow":["GET"]}}],"collection":[{"href":"https:\/\/corrientesdetarde.com\/index.php\/wp-json\/wp\/v2\/posts"}],"about":[{"href":"https:\/\/corrientesdetarde.com\/index.php\/wp-json\/wp\/v2\/types\/post"}],"author":[{"embeddable":true,"href":"https:\/\/corrientesdetarde.com\/index.php\/wp-json\/wp\/v2\/users\/8"}],"replies":[{"embeddable":true,"href":"https:\/\/corrientesdetarde.com\/index.php\/wp-json\/wp\/v2\/comments?post=112018"}],"version-history":[{"count":1,"href":"https:\/\/corrientesdetarde.com\/index.php\/wp-json\/wp\/v2\/posts\/112018\/revisions"}],"predecessor-version":[{"id":112020,"href":"https:\/\/corrientesdetarde.com\/index.php\/wp-json\/wp\/v2\/posts\/112018\/revisions\/112020"}],"wp:featuredmedia":[{"embeddable":true,"href":"https:\/\/corrientesdetarde.com\/index.php\/wp-json\/wp\/v2\/media\/112019"}],"wp:attachment":[{"href":"https:\/\/corrientesdetarde.com\/index.php\/wp-json\/wp\/v2\/media?parent=112018"}],"wp:term":[{"taxonomy":"category","embeddable":true,"href":"https:\/\/corrientesdetarde.com\/index.php\/wp-json\/wp\/v2\/categories?post=112018"},{"taxonomy":"post_tag","embeddable":true,"href":"https:\/\/corrientesdetarde.com\/index.php\/wp-json\/wp\/v2\/tags?post=112018"}],"curies":[{"name":"wp","href":"https:\/\/api.w.org\/{rel}","templated":true}]}}