{"id":112134,"date":"2023-12-20T10:16:36","date_gmt":"2023-12-20T13:16:36","guid":{"rendered":"https:\/\/corrientesdetarde.com\/?p=112134"},"modified":"2023-12-20T10:28:40","modified_gmt":"2023-12-20T13:28:40","slug":"a-que-hora-habla-javier-milei-hoy-por-cadena-nacional-y-como-verlo-en-vivo","status":"publish","type":"post","link":"https:\/\/corrientesdetarde.com\/index.php\/politica\/a-que-hora-habla-javier-milei-hoy-por-cadena-nacional-y-como-verlo-en-vivo\/","title":{"rendered":"A qu\u00e9 hora habla Javier Milei hoy por cadena nacional y c\u00f3mo verlo en vivo"},"content":{"rendered":"\n<p>Este mi\u00e9rcoles 20 de diciembre,<strong>Javier Milei<\/strong>hablar\u00e1 por primera vez en\u00a0<strong>cadena nacional\u00a0<\/strong>para anunciar medidas econ\u00f3micas. El presidente grabar\u00e1 el discurso por la tarde y<strong>\u00a0se emitir\u00e1 a las 21 horas<\/strong>\u00a0por televisi\u00f3n abierta.<\/p>\n\n\n\n<p>Durante el transcurso del d\u00eda, el\u00a0<strong>Decreto de Necesidad y Urgencia (DNU)<\/strong>\u00a0ser\u00e1 publicado en el Bolet\u00edn Oficial y luego el Presidente har\u00e1 una explicaci\u00f3n pormenorizada de los distintos puntos.<\/p>\n\n\n\n<figure class=\"wp-block-image\"><img decoding=\"async\" src=\"https:\/\/tn.com.ar\/resizer\/qCiGkwxqDCPtqpgGQWgLKAq1ShI=\/767x0\/smart\/filters:format(webp)\/cloudfront-us-east-1.images.arcpublishing.com\/artear\/LR7A7S6ZLBAJ7PHYCFXGVJTRS4.jpg\" alt=\"La cadena nacional de Javier Milei comenzar\u00eda a las 12 de este mi\u00e9rcoles 20 de diciembre. (Foto: AFP - Luis Robayo).\"\/><figcaption>La cadena nacional de Javier Milei comenzar\u00eda a las 12 de este mi\u00e9rcoles 20 de diciembre. (Foto: AFP &#8211; Luis Robayo).<\/figcaption><\/figure>\n\n\n\n<p>Se estima que la desregulaci\u00f3n de la econom\u00eda consistir\u00e1 en m\u00e1s de&nbsp;<strong>600 art\u00edculos<\/strong>.<\/p>\n\n\n\n<h2 class=\"wp-block-heading\">Resumen: las primeras 10 medidas anunciadas por Luis \u201cToto\u201d Caputo<\/h2>\n\n\n\n<ul class=\"wp-block-list\"><li>Sincerar el tipo de cambio oficial.\u00a0<strong>El d\u00f3lar oficial pasar\u00e1 a valer $800<\/strong>\u00a0para que los sectores productivos tengan incentivos adecuados para aumentar su producci\u00f3n. Va a estar acompa\u00f1ado de un aumento en el impuesto PAIS.<\/li><li>No se\u00a0<strong>renuevan los contratos<\/strong>\u00a0laborales del Estado que tengan menos de un a\u00f1o de vigencia.<\/li><li>Se decreta la\u00a0<strong>suspensi\u00f3n de la pauta<\/strong>\u00a0del gobierno nacional durante un a\u00f1o.<\/li><li>Conforme la Ley de\u00a0<strong>Ministerios, se reducir\u00e1n de 18 a 9<\/strong>\u00a0y las Secretar\u00edas de 106 a 54. Habr\u00e1 una reducci\u00f3n de cargos jer\u00e1rquicos y pol\u00edticos. \u201cEsto va a redundar en una reducci\u00f3n de m\u00e1s del 50% del gasto de la funci\u00f3n p\u00fablica\u201d.<\/li><li><\/li><\/ul>\n\n\n\n<figure class=\"wp-block-image\"><img decoding=\"async\" src=\"https:\/\/tn.com.ar\/resizer\/8tmoiYVaH4jm8UknYCoqHaI_dx0=\/767x0\/smart\/filters:format(webp)\/cloudfront-us-east-1.images.arcpublishing.com\/artear\/KNFKI37I25E5DIUC6Q24GJ6C2A.PNG\" alt=\"Luis Caputo anunci\u00f3 las primeras medidas econ\u00f3micas en un mensaje. (Foto: Captura TV\/TN)\"\/><figcaption>Luis Caputo anunci\u00f3 las primeras medidas econ\u00f3micas en un mensaje. (Foto: Captura TV\/TN)<\/figcaption><\/figure>\n\n\n\n<ul class=\"wp-block-list\"><li>Reducir al m\u00ednimo las \u201c<strong>transferencias discrecionales<\/strong>&nbsp;del Estado nacional a las provincias\u201d.<\/li><li>El Estado nacional&nbsp;<strong>no licitar\u00e1 nuevas obras p\u00fablicas<\/strong>&nbsp;y cancelar\u00e1 las licitaciones cuyo desarrollo a\u00fan no haya comenzado.<\/li><li>Se&nbsp;<strong>reducir\u00e1n los subsidios<\/strong>&nbsp;a las tarifas energ\u00e9ticas y de los transportes. \u201cSe pagan con inflaci\u00f3n\u201d, declar\u00f3.<\/li><li>Se&nbsp;<strong>mantendr\u00e1n los planes Potenciar Trabajo<\/strong>&nbsp;de acuerdo al Presupuesto 2023 y se fortalecer\u00e1n las pol\u00edticas sociales recibidas sin intermediarios (Asignaci\u00f3n Universal por Hijo y Tarjeta Alimentar).<\/li><li>Reemplazar el sistema de&nbsp;<strong>importaciones SIRA<\/strong>&nbsp;por un sistema estad\u00edstico y de informaci\u00f3n que no requerir\u00e1 de la aprobaci\u00f3n previa de licencias para combatir la discrecionalidad. \u201cAs\u00ed se garantiza la transparencia del proceso de las importaciones. El que quiera importar, podr\u00e1 hacerlo y punto\u201d<\/li><\/ul>\n","protected":false},"excerpt":{"rendered":"<p>Este mi\u00e9rcoles 20 de diciembre,Javier Mileihablar\u00e1 por primera vez en\u00a0cadena nacional\u00a0para anunciar medidas econ\u00f3micas. El presidente grabar\u00e1 el discurso por la tarde y\u00a0se emitir\u00e1 a las 21 horas\u00a0por televisi\u00f3n abierta.&hellip; <\/p>\n","protected":false},"author":12,"featured_media":112149,"comment_status":"closed","ping_status":"open","sticky":false,"template":"","format":"standard","meta":{"footnotes":""},"categories":[3],"tags":[],"class_list":["post-112134","post","type-post","status-publish","format-standard","has-post-thumbnail","hentry","category-politica"],"_links":{"self":[{"href":"https:\/\/corrientesdetarde.com\/index.php\/wp-json\/wp\/v2\/posts\/112134","targetHints":{"allow":["GET"]}}],"collection":[{"href":"https:\/\/corrientesdetarde.com\/index.php\/wp-json\/wp\/v2\/posts"}],"about":[{"href":"https:\/\/corrientesdetarde.com\/index.php\/wp-json\/wp\/v2\/types\/post"}],"author":[{"embeddable":true,"href":"https:\/\/corrientesdetarde.com\/index.php\/wp-json\/wp\/v2\/users\/12"}],"replies":[{"embeddable":true,"href":"https:\/\/corrientesdetarde.com\/index.php\/wp-json\/wp\/v2\/comments?post=112134"}],"version-history":[{"count":2,"href":"https:\/\/corrientesdetarde.com\/index.php\/wp-json\/wp\/v2\/posts\/112134\/revisions"}],"predecessor-version":[{"id":112157,"href":"https:\/\/corrientesdetarde.com\/index.php\/wp-json\/wp\/v2\/posts\/112134\/revisions\/112157"}],"wp:featuredmedia":[{"embeddable":true,"href":"https:\/\/corrientesdetarde.com\/index.php\/wp-json\/wp\/v2\/media\/112149"}],"wp:attachment":[{"href":"https:\/\/corrientesdetarde.com\/index.php\/wp-json\/wp\/v2\/media?parent=112134"}],"wp:term":[{"taxonomy":"category","embeddable":true,"href":"https:\/\/corrientesdetarde.com\/index.php\/wp-json\/wp\/v2\/categories?post=112134"},{"taxonomy":"post_tag","embeddable":true,"href":"https:\/\/corrientesdetarde.com\/index.php\/wp-json\/wp\/v2\/tags?post=112134"}],"curies":[{"name":"wp","href":"https:\/\/api.w.org\/{rel}","templated":true}]}}