{"id":112151,"date":"2023-12-20T10:21:55","date_gmt":"2023-12-20T13:21:55","guid":{"rendered":"https:\/\/corrientesdetarde.com\/?p=112151"},"modified":"2023-12-20T10:28:49","modified_gmt":"2023-12-20T13:28:49","slug":"a-que-hora-es-la-marcha-hoy-en-caba-y-donde-estara-cortado","status":"publish","type":"post","link":"https:\/\/corrientesdetarde.com\/index.php\/informacion-general\/a-que-hora-es-la-marcha-hoy-en-caba-y-donde-estara-cortado\/","title":{"rendered":"A qu\u00e9 hora es la marcha hoy en CABA y d\u00f3nde estar\u00e1 cortado"},"content":{"rendered":"\n<p>Organizaciones sociales de izquierda realizar\u00e1n un\u00a0<strong>piquete hoy mi\u00e9rcoles 20 de diciembre en CABA<\/strong>\u00a0contra el gobierno de\u00a0<strong>Javier Milei\u00a0<\/strong>a partir de las<strong>\u00a016 horas<\/strong>. La manifestaci\u00f3n incluir\u00e1 cortes en varios puntos importantes de la ciudad.\u00a0<strong>Comenzar\u00e1 en el Congreso Nacional y culminar\u00e1 en la Plaza de Mayo<\/strong>. Todo ese recorrido estar\u00eda cortado.<\/p>\n\n\n\n<p>Se esperan&nbsp;<strong>bloqueos en<\/strong>&nbsp;<strong>siete de los principales accesos a la ciudad&nbsp;<\/strong>desde las 9 am. Estos incluyen la autopista Buenos Aires-La Plata, el Puente Pueyrred\u00f3n, el Puente La Noria, la Autopista Dellepiane, el Acceso Oeste, el Puente Saavedra y la Avenida General Paz y Ruta 3. Adem\u00e1s, habr\u00e1 movilizaciones y cortes en otras localidades de la provincia de Buenos Aires y diferentes provincias del pa\u00eds.<\/p>\n\n\n\n<figure class=\"wp-block-image\"><img decoding=\"async\" src=\"https:\/\/tn.com.ar\/resizer\/4ltT9q934CWuc6ljpan8y5oguwU=\/767x0\/smart\/filters:format(webp)\/cloudfront-us-east-1.images.arcpublishing.com\/artear\/FNTUG4VZJRBX7MUJTITLTRZE3Y.jpg\" alt=\"A qu\u00e9 hora es la marcha de ma\u00f1ana en CABA (Foto: t\u00e9lam\/Victoria Erguza).\"\/><figcaption>A qu\u00e9 hora es la marcha de ma\u00f1ana en CABA (Foto: t\u00e9lam\/Victoria Erguza).<\/figcaption><\/figure>\n\n\n\n<h2 class=\"wp-block-heading\">D\u00f3nde habr\u00e1 manifestaciones hoy 20 de diciembre<\/h2>\n\n\n\n<p><strong>Ciudad Aut\u00f3noma de Buenos Aires (CABA):<\/strong><\/p>\n\n\n\n<ul class=\"wp-block-list\"><li>Desde Congreso hasta Plaza de Mayo<\/li><li>Acoyte y Rivadavia<\/li><li>Parque Avellaneda, Garc\u00eda del R\u00edo y Pinto<\/li><li>Plaza Jorge Casal, Triunvirato y Roosevelt<\/li><li>Plaza Parque Avellaneda, Directorio y Lacarra<\/li><li>Plaza Irlanda, Gaona y Donato \u00c1lvarez<\/li><li>Plaza Coronel D\u00edaz, Coronel D\u00edaz y Av. Las Heras<\/li><li>Av. Santa Fe y Coronel D\u00edaz<\/li><li>Puente Pueyrred\u00f3n<\/li><li>Puente La Noria<\/li><li>Autopista Dellepiane<\/li><li>Acceso Oeste<\/li><li>Puente Saavedra<\/li><li>Avenida General Paz<\/li><li>Autopista Buenos Aires-La Plata<\/li><\/ul>\n\n\n\n<figure class=\"wp-block-image\"><img decoding=\"async\" src=\"https:\/\/tn.com.ar\/resizer\/X4CHzGZWsk5v_Lq3i6FG6nNWSsQ=\/767x0\/smart\/filters:format(webp)\/cloudfront-us-east-1.images.arcpublishing.com\/artear\/K2CJUQRF2FGGFFHZB53VQEUV6I.jfif\" alt=\"A qu\u00e9 hora es la marcha hoy en CABA y d\u00f3nde estar\u00e1 cortado (Foto: TN).\"\/><figcaption>A qu\u00e9 hora es la marcha hoy en CABA y d\u00f3nde estar\u00e1 cortado (Foto: TN).<\/figcaption><\/figure>\n\n\n\n<p><strong>Gran Buenos Aires (GBA):<\/strong><\/p>\n\n\n\n<ul class=\"wp-block-list\"><li>Bella Vista (San Miguel): Plaza San Miguel, R\u00edo Pilcomayo 1200<\/li><li>Berisso: Parque C\u00edvico, Montevideo y Calle 11<\/li><li>El Palomar: Plaza de los Aviadores, Bv. San Mart\u00edn y de los Jacarand\u00e1es<\/li><li>La Plata: Plaza Espa\u00f1a, Calle 66 y 7<\/li><li>Mu\u00f1iz (San Miguel): Plaza Las Carretas, Av. Pte. Per\u00f3n y Conesa<\/li><li>Quilmes: Plaza Islas Malvinas, Calle 839 frente a Escuela 40<\/li><li>Ramos Mej\u00eda: Plaza Mitre, Belgrano y Pueyrred\u00f3n<\/li><li>Valent\u00edn Alsina: Plaza Constituci\u00f3n, Paso de Burgos y Pte. Per\u00f3n<\/li><li>Villa Bosch: Plaza Juan XXIII, Santos Vega y Juan XXIII<\/li><\/ul>\n\n\n\n<p><strong>Provincia de C\u00f3rdoba:<\/strong><\/p>\n\n\n\n<ul class=\"wp-block-list\"><li>C\u00f3rdoba Capital 1: Plaza Alberdi, 24 de Septiembre al 900<\/li><li>C\u00f3rdoba Capital 2: Telecom Gama, Col\u00f3n 4500<\/li><li>Villa Giardino: Plaza San Martin, Av. San Martin 300<\/li><\/ul>\n\n\n\n<p><strong>Provincia de Santa Fe:<\/strong><\/p>\n\n\n\n<ul class=\"wp-block-list\"><li>Rosario: Plaza Alberdi, Warnes entre Super\u00ed y Herrera<\/li><li>Villa General G\u00e1lvez: Plaza a la Madre, J.D. Per\u00f3n 2200<\/li><li>San Nicol\u00e1s: Plaza Mitre, B. Mitre y Gendarmer\u00eda Nacional<\/li><\/ul>\n\n\n\n<p><strong>Provincia de Corrientes:<\/strong><\/p>\n\n\n\n<ul class=\"wp-block-list\"><li>Paso de la Patria: Plaza Leloir, Belgrano y Rioja<\/li><\/ul>\n\n\n\n<p><strong>Provincia de Jujuy:<\/strong><\/p>\n\n\n\n<ul class=\"wp-block-list\"><li>San Salvador de Jujuy: Plaza Belgrano, Sarmiento y San Mart\u00edn<\/li><\/ul>\n\n\n\n<p><strong>Provincia de La Rioja:<\/strong><\/p>\n\n\n\n<ul class=\"wp-block-list\"><li>La Rioja Capital: Plaza 25 de Mayo, Av. 25 de Mayo<\/li><\/ul>\n\n\n\n<p><strong>Provincia de Salta:<\/strong><\/p>\n\n\n\n<ul class=\"wp-block-list\"><li>Salta Capital: Plaza de la Legislatura, Zuvir\u00eda y Mitre<\/li><\/ul>\n\n\n\n<p><strong>Provincia de Chaco:<\/strong><\/p>\n\n\n\n<ul class=\"wp-block-list\"><li>Barranqueras: Plaza Sarmiento, F. Mocho y Sto. Cabral<\/li><\/ul>\n\n\n\n<p><strong>Provincia de San Juan:<\/strong><\/p>\n\n\n\n<ul class=\"wp-block-list\"><li>San Juan Capital: Plaza 25 de Mayo, Mendoza e\/Rivadavia y B. Mitre<\/li><\/ul>\n\n\n\n<p><strong>Provincia de Mendoza:<\/strong><\/p>\n\n\n\n<ul class=\"wp-block-list\"><li>Maip\u00fa: Plaza 12 de Febrero, San Mart\u00edn y Pescara<\/li><\/ul>\n","protected":false},"excerpt":{"rendered":"<p>Organizaciones sociales de izquierda realizar\u00e1n un\u00a0piquete hoy mi\u00e9rcoles 20 de diciembre en CABA\u00a0contra el gobierno de\u00a0Javier Milei\u00a0a partir de las\u00a016 horas. La manifestaci\u00f3n incluir\u00e1 cortes en varios puntos importantes de&hellip; <\/p>\n","protected":false},"author":12,"featured_media":112152,"comment_status":"closed","ping_status":"open","sticky":false,"template":"","format":"standard","meta":{"footnotes":""},"categories":[1],"tags":[],"class_list":["post-112151","post","type-post","status-publish","format-standard","has-post-thumbnail","hentry","category-informacion-general"],"_links":{"self":[{"href":"https:\/\/corrientesdetarde.com\/index.php\/wp-json\/wp\/v2\/posts\/112151","targetHints":{"allow":["GET"]}}],"collection":[{"href":"https:\/\/corrientesdetarde.com\/index.php\/wp-json\/wp\/v2\/posts"}],"about":[{"href":"https:\/\/corrientesdetarde.com\/index.php\/wp-json\/wp\/v2\/types\/post"}],"author":[{"embeddable":true,"href":"https:\/\/corrientesdetarde.com\/index.php\/wp-json\/wp\/v2\/users\/12"}],"replies":[{"embeddable":true,"href":"https:\/\/corrientesdetarde.com\/index.php\/wp-json\/wp\/v2\/comments?post=112151"}],"version-history":[{"count":2,"href":"https:\/\/corrientesdetarde.com\/index.php\/wp-json\/wp\/v2\/posts\/112151\/revisions"}],"predecessor-version":[{"id":112158,"href":"https:\/\/corrientesdetarde.com\/index.php\/wp-json\/wp\/v2\/posts\/112151\/revisions\/112158"}],"wp:featuredmedia":[{"embeddable":true,"href":"https:\/\/corrientesdetarde.com\/index.php\/wp-json\/wp\/v2\/media\/112152"}],"wp:attachment":[{"href":"https:\/\/corrientesdetarde.com\/index.php\/wp-json\/wp\/v2\/media?parent=112151"}],"wp:term":[{"taxonomy":"category","embeddable":true,"href":"https:\/\/corrientesdetarde.com\/index.php\/wp-json\/wp\/v2\/categories?post=112151"},{"taxonomy":"post_tag","embeddable":true,"href":"https:\/\/corrientesdetarde.com\/index.php\/wp-json\/wp\/v2\/tags?post=112151"}],"curies":[{"name":"wp","href":"https:\/\/api.w.org\/{rel}","templated":true}]}}