{"id":112154,"date":"2023-12-20T10:27:48","date_gmt":"2023-12-20T13:27:48","guid":{"rendered":"https:\/\/corrientesdetarde.com\/?p=112154"},"modified":"2023-12-20T10:28:53","modified_gmt":"2023-12-20T13:28:53","slug":"quien-es-el-misterioso-joven-con-el-que-juanita-tinelli-se-mostro-a-los-besos","status":"publish","type":"post","link":"https:\/\/corrientesdetarde.com\/index.php\/espectaculos\/quien-es-el-misterioso-joven-con-el-que-juanita-tinelli-se-mostro-a-los-besos\/","title":{"rendered":"Qui\u00e9n es el misterioso joven con el que Juanita Tinelli se mostr\u00f3 a los besos"},"content":{"rendered":"\n<p><strong>Juanita Tinelli\u00a0<\/strong>no suele dar muchos detalles en cuanto a su vida amorosa y desde que termin\u00f3 en 2019 su\u00a0<strong>relaci\u00f3n con Toto Otero<\/strong>, el hijo de\u00a0<strong>Flor Pe\u00f1a<\/strong>, la modelo opt\u00f3 por mantener un perfil bajo. Sin embargo, en los \u00faltimos d\u00edas se supo que comenz\u00f3 una nueva historia de amor con\u00a0<strong>F\u00e9lix Delf\u00edn Buenader<\/strong>\u00a0y para confirmarlo lo hizo a trav\u00e9s de sus redes sociales.<\/p>\n\n\n\n<p>Si bien la pareja se conoci\u00f3 en 2022, Juanita Tinelli oficializ\u00f3 a su novio con una tierna foto en su cuenta de Instagram, en la que se los puede ver a los besos. A diferencia de los cl\u00e1sicos blanqueos de los famosos, la hija de Marcelo Tinelli lo hizo de una manera muy original.<\/p>\n\n\n\n<figure class=\"wp-block-image\"><img decoding=\"async\" src=\"https:\/\/tn.com.ar\/resizer\/5wivWuQdSeycpumxWDKT9gGOs1k=\/767x0\/smart\/filters:format(webp)\/cloudfront-us-east-1.images.arcpublishing.com\/artear\/CRDSACYN6VAS7EL4ZZT5A2KIA4.jpg\" alt=\"Juanita Tinelli comparti\u00f3 la primera foto junto a su novio en redes sociales. (Foto: Instagram \/ juanittinelli1)\"\/><figcaption>Juanita Tinelli comparti\u00f3 la primera foto junto a su novio en redes sociales. (Foto: Instagram \/ juanittinelli1)<\/figcaption><\/figure>\n\n\n\n<p>A trav\u00e9s de su cuenta de Instagram, en donde comparte sus\u00a0<strong>sofisticados looks<\/strong>\u00a0y\u00a0<strong>postales de la vida en Par\u00eds<\/strong>, la modelo comparti\u00f3 una historia con una serie de fotograf\u00edas. Se trat\u00f3 de un filtro que simula un\u00a0<em>feed<\/em>\u00a0t\u00edpico de la red social, en la que incluy\u00f3 sus producciones de modelaje, salidas con amigas y, por supuesto, una tierna imagen con su novio que confirma la relaci\u00f3n.<\/p>\n\n\n\n<figure class=\"wp-block-image\"><img decoding=\"async\" src=\"https:\/\/tn.com.ar\/resizer\/PulOP8t3wjNACtwraRc-R_nVHqA=\/767x0\/smart\/filters:format(webp)\/cloudfront-us-east-1.images.arcpublishing.com\/artear\/A45CIOCJARFJVHO6RDS5RXNNZU.JPG\" alt=\"Juanita Tinelli comparti\u00f3 una historia con diversas fotos de su vida cotidiana. (Foto: Instagram \/ juanittinelli1)\"\/><figcaption>Juanita Tinelli comparti\u00f3 una historia con diversas fotos de su vida cotidiana. (Foto: Instagram \/ juanittinelli1)Por:&nbsp;<strong>Operador<\/strong><\/figcaption><\/figure>\n\n\n\n<p>Ubicada en la parte superior del collage,\u00a0<strong>Juanita Tinelli\u00a0<\/strong>apost\u00f3 por una foto junto a F\u00e9lix Delf\u00edn Buenader acaramelados en una pileta. Fiel a su filosof\u00eda de mantener la privacidad de la relaci\u00f3n, la imagen no se puede apreciar en su totalidad ya que no se puede ampliar lo suficiente para verla en m\u00e1xima definici\u00f3n.<\/p>\n\n\n\n<figure class=\"wp-block-image\"><img decoding=\"async\" src=\"https:\/\/tn.com.ar\/resizer\/K3dkhRJkvNtUledDIFn1kxUPNtw=\/767x0\/smart\/filters:format(webp)\/cloudfront-us-east-1.images.arcpublishing.com\/artear\/2VP3H7QEDFCIPHEXAZ2UW4JJ6Y.jpg\" alt=\"Juanita Tinelli blanque\u00f3 a su novio en redes sociales. (Foto: Instagram \/ juanittinelli1)\"\/><figcaption>Juanita Tinelli blanque\u00f3 a su novio en redes sociales. (Foto: Instagram \/ juanittinelli1)<\/figcaption><\/figure>\n","protected":false},"excerpt":{"rendered":"<p>Juanita Tinelli\u00a0no suele dar muchos detalles en cuanto a su vida amorosa y desde que termin\u00f3 en 2019 su\u00a0relaci\u00f3n con Toto Otero, el hijo de\u00a0Flor Pe\u00f1a, la modelo opt\u00f3 por&hellip; <\/p>\n","protected":false},"author":12,"featured_media":112155,"comment_status":"closed","ping_status":"open","sticky":false,"template":"","format":"standard","meta":{"footnotes":""},"categories":[19],"tags":[],"class_list":["post-112154","post","type-post","status-publish","format-standard","has-post-thumbnail","hentry","category-espectaculos"],"_links":{"self":[{"href":"https:\/\/corrientesdetarde.com\/index.php\/wp-json\/wp\/v2\/posts\/112154","targetHints":{"allow":["GET"]}}],"collection":[{"href":"https:\/\/corrientesdetarde.com\/index.php\/wp-json\/wp\/v2\/posts"}],"about":[{"href":"https:\/\/corrientesdetarde.com\/index.php\/wp-json\/wp\/v2\/types\/post"}],"author":[{"embeddable":true,"href":"https:\/\/corrientesdetarde.com\/index.php\/wp-json\/wp\/v2\/users\/12"}],"replies":[{"embeddable":true,"href":"https:\/\/corrientesdetarde.com\/index.php\/wp-json\/wp\/v2\/comments?post=112154"}],"version-history":[{"count":2,"href":"https:\/\/corrientesdetarde.com\/index.php\/wp-json\/wp\/v2\/posts\/112154\/revisions"}],"predecessor-version":[{"id":112159,"href":"https:\/\/corrientesdetarde.com\/index.php\/wp-json\/wp\/v2\/posts\/112154\/revisions\/112159"}],"wp:featuredmedia":[{"embeddable":true,"href":"https:\/\/corrientesdetarde.com\/index.php\/wp-json\/wp\/v2\/media\/112155"}],"wp:attachment":[{"href":"https:\/\/corrientesdetarde.com\/index.php\/wp-json\/wp\/v2\/media?parent=112154"}],"wp:term":[{"taxonomy":"category","embeddable":true,"href":"https:\/\/corrientesdetarde.com\/index.php\/wp-json\/wp\/v2\/categories?post=112154"},{"taxonomy":"post_tag","embeddable":true,"href":"https:\/\/corrientesdetarde.com\/index.php\/wp-json\/wp\/v2\/tags?post=112154"}],"curies":[{"name":"wp","href":"https:\/\/api.w.org\/{rel}","templated":true}]}}