{"id":112162,"date":"2023-12-20T11:08:35","date_gmt":"2023-12-20T14:08:35","guid":{"rendered":"https:\/\/corrientesdetarde.com\/?p=112162"},"modified":"2023-12-20T11:15:23","modified_gmt":"2023-12-20T14:15:23","slug":"volaba-con-su-avioneta-intento-aterrizar-en-medio-de-una-tormenta-y-todo-termino-de-la-peor-manera","status":"publish","type":"post","link":"https:\/\/corrientesdetarde.com\/index.php\/informacion-general\/volaba-con-su-avioneta-intento-aterrizar-en-medio-de-una-tormenta-y-todo-termino-de-la-peor-manera\/","title":{"rendered":"Volaba con su avioneta, intent\u00f3 aterrizar en medio de una tormenta y todo termin\u00f3 de la peor manera"},"content":{"rendered":"\n<p>Claudio \u201cPachi\u201d Mart\u00ednez, el conductor del reconocido programa\u00a0<strong>\u201cQuinta a Fondo\u201d, protagoniz\u00f3 un accidente con una avioneta que se viraliz\u00f3 en las redes sociales por un peculiar detalle.<\/strong><\/p>\n\n\n\n<p>En el video, compartido por la cuenta @5taafondo,&nbsp;<strong>se ve claramente a la aeronave dada vuelta en un descampado a causa de los fuertes vientos de una tormenta y en su interior se encontraba Mart\u00ednez<\/strong>, quien fue socorrido por algunos conocidos y, entre risas, explic\u00f3 la situaci\u00f3n. \u201cPod\u00eda fallar, dec\u00eda Tusam. Ven\u00eda bajando, justo me agarr\u00f3 la tormenta y me dio vuelta\u201d, detall\u00f3.<\/p>\n\n\n\n<figure class=\"wp-block-image\"><img decoding=\"async\" src=\"https:\/\/tn.com.ar\/resizer\/vTyGZ2fSK-RfwBrjOjROliByHUk=\/767x0\/smart\/filters:format(webp)\/thumbs.vodgc.net\/1-14-lg5ufY1703074220369_480P.jpg\" alt=\"Video Placeholder\"\/><\/figure>\n\n\n\n<p>El video se viraliz\u00f3 en TikTok. Video: TikTok\/@5taafondo<\/p>\n\n\n\n<p>La publicaci\u00f3n llam\u00f3 la atenci\u00f3n de muchas personas y algunos\u00a0<strong>especularon que se trataba de un accidente \u201carmado\u201d debido al estado en el que se encontraba la avioneta y su piloto<\/strong>.<\/p>\n\n\n\n<p>\u201c<strong>A ese avi\u00f3n lo dieron vuelta, no est\u00e1 abollado y nunca filmaron la ca\u00edda. Re armado<\/strong>\u201d, \u201cLa tormenta fue a la noche, a la avioneta le falta la h\u00e9lice\u201d, \u201cAmigo, hasta una cubierta hay para que no se rompa la avioneta. Y, por c\u00f3mo se r\u00eden, es f\u00e1cil darse cuenta que es joda\u201d, \u201cComo habr\u00e1 sido la ca\u00edda que hasta tiempo de ponerle un neum\u00e1tico en la nariz de la avioneta tuvieron jajajajaj\u201d, escribieron algunos usuarios.<\/p>\n","protected":false},"excerpt":{"rendered":"<p>Claudio \u201cPachi\u201d Mart\u00ednez, el conductor del reconocido programa\u00a0\u201cQuinta a Fondo\u201d, protagoniz\u00f3 un accidente con una avioneta que se viraliz\u00f3 en las redes sociales por un peculiar detalle. En el video,&hellip; <\/p>\n","protected":false},"author":12,"featured_media":112170,"comment_status":"closed","ping_status":"open","sticky":false,"template":"","format":"standard","meta":{"footnotes":""},"categories":[1],"tags":[],"class_list":["post-112162","post","type-post","status-publish","format-standard","has-post-thumbnail","hentry","category-informacion-general"],"_links":{"self":[{"href":"https:\/\/corrientesdetarde.com\/index.php\/wp-json\/wp\/v2\/posts\/112162","targetHints":{"allow":["GET"]}}],"collection":[{"href":"https:\/\/corrientesdetarde.com\/index.php\/wp-json\/wp\/v2\/posts"}],"about":[{"href":"https:\/\/corrientesdetarde.com\/index.php\/wp-json\/wp\/v2\/types\/post"}],"author":[{"embeddable":true,"href":"https:\/\/corrientesdetarde.com\/index.php\/wp-json\/wp\/v2\/users\/12"}],"replies":[{"embeddable":true,"href":"https:\/\/corrientesdetarde.com\/index.php\/wp-json\/wp\/v2\/comments?post=112162"}],"version-history":[{"count":2,"href":"https:\/\/corrientesdetarde.com\/index.php\/wp-json\/wp\/v2\/posts\/112162\/revisions"}],"predecessor-version":[{"id":112175,"href":"https:\/\/corrientesdetarde.com\/index.php\/wp-json\/wp\/v2\/posts\/112162\/revisions\/112175"}],"wp:featuredmedia":[{"embeddable":true,"href":"https:\/\/corrientesdetarde.com\/index.php\/wp-json\/wp\/v2\/media\/112170"}],"wp:attachment":[{"href":"https:\/\/corrientesdetarde.com\/index.php\/wp-json\/wp\/v2\/media?parent=112162"}],"wp:term":[{"taxonomy":"category","embeddable":true,"href":"https:\/\/corrientesdetarde.com\/index.php\/wp-json\/wp\/v2\/categories?post=112162"},{"taxonomy":"post_tag","embeddable":true,"href":"https:\/\/corrientesdetarde.com\/index.php\/wp-json\/wp\/v2\/tags?post=112162"}],"curies":[{"name":"wp","href":"https:\/\/api.w.org\/{rel}","templated":true}]}}