{"id":112163,"date":"2023-12-20T11:04:22","date_gmt":"2023-12-20T14:04:22","guid":{"rendered":"https:\/\/corrientesdetarde.com\/?p=112163"},"modified":"2023-12-20T11:15:19","modified_gmt":"2023-12-20T14:15:19","slug":"dani-alves-tiene-fecha-confirmada-de-juicio-y-puede-ir-hasta-12-anos-preso","status":"publish","type":"post","link":"https:\/\/corrientesdetarde.com\/index.php\/deportes\/dani-alves-tiene-fecha-confirmada-de-juicio-y-puede-ir-hasta-12-anos-preso\/","title":{"rendered":"Dani Alves tiene fecha confirmada de juicio y puede ir hasta 12 a\u00f1os preso"},"content":{"rendered":"\n<p><strong>Dani Alves<\/strong>\u00a0ya tiene programada la fecha del juicio para los d\u00edas\u00a0<strong>5, 6 y 7 de febrero de 2024\u00a0<\/strong>para determinar si es culpable o no de la agresi\u00f3n sexual de la que se lo acusa. La\u00a0<strong>Fiscal\u00eda solicita nueve a\u00f1os de prisi\u00f3n\u00a0<\/strong>en su contra, mientras que la\u00a0<strong>acusaci\u00f3n particular pide doce<\/strong>. En tanto, el excompa\u00f1ero de Lionel Messi en el Barcelona est\u00e1 detenido con prisi\u00f3n preventiva, por peligro de fuga, ya que en caso de emigrar a Brasil no habr\u00eda extradici\u00f3n.<\/p>\n\n\n\n<h2 class=\"wp-block-heading\">Cu\u00e1ntos a\u00f1os le corresponden a Dani Alves de prisi\u00f3n si es culpable<\/h2>\n\n\n\n<ul class=\"wp-block-list\"><li>Seg\u00fan el C\u00f3digo Penal de Espa\u00f1a, el&nbsp;<strong>delito de agresi\u00f3n sexual tiene una pena de entre 4 y 12 a\u00f1os de prisi\u00f3n<\/strong>.<\/li><li>En el caso espec\u00edfico de Alves, se contempla una&nbsp;<strong>posible condena que ronda entre los 8 y 10 a\u00f1os<\/strong>, aunque podr\u00eda&nbsp;<strong>reducirse hasta los 5 a\u00f1os si se declara culpable<\/strong>.<\/li><\/ul>\n\n\n\n<figure class=\"wp-block-image\"><img decoding=\"async\" src=\"https:\/\/tn.com.ar\/resizer\/BthU7JuRV_uubG_ZLOrY8PT8wrw=\/767x0\/smart\/filters:format(webp)\/cloudfront-us-east-1.images.arcpublishing.com\/artear\/HGXEN6WIUZA25HK6H4QXAIZSRI.jpg\" alt=\"Dani Alves tiene fecha confirmada de juicio y puede ir hasta 12 a\u00f1os preso (Foto: Dani Alves en Instagram - @danialves).\"\/><figcaption>Dani Alves tiene fecha confirmada de juicio y puede ir hasta 12 a\u00f1os preso (Foto: Dani Alves en Instagram &#8211; @danialves).<\/figcaption><\/figure>\n\n\n\n<h2 class=\"wp-block-heading\">De qu\u00e9 se acusa a Dani Alves<\/h2>\n\n\n\n<p>Se acusa a&nbsp;<strong>Dani Alves de agresi\u00f3n sexual contra una mujer en una discoteca de Barcelona<\/strong>. La denuncia fue presentada despu\u00e9s de un incidente que ocurri\u00f3 a finales de diciembre de 2022.<\/p>\n\n\n\n<p>La v\u00edctima alega que Alves la agarr\u00f3 de la mano y la puso en su parte \u00edntima, lo cual ella rechaz\u00f3 en dos ocasiones. Tambi\u00e9n se menciona que Alves la llev\u00f3 a un ba\u00f1o privado y, seg\u00fan la acusaci\u00f3n, ejerci\u00f3 fuerza sobre ella a pesar de sus protestas para que se detuviera.<\/p>\n\n\n\n<h2 class=\"wp-block-heading\">El cambio de versi\u00f3n en los hechos de Dani Alves y pruebas en su contra<\/h2>\n\n\n\n<p><strong>Dani Alves cambi\u00f3 su versi\u00f3n de los hechos en varias ocasiones<\/strong>. En un principio neg\u00f3 conocer a la v\u00edctima y despu\u00e9s afirm\u00f3 haber estado con ella en el ba\u00f1o de la discoteca sin que ocurriera nada entre ellos.<\/p>\n\n\n\n<p>Tras los datos de los peritos biol\u00f3gicos que indicaban contacto f\u00edsico, Alves admiti\u00f3 tener relaciones consentidas con la demandante.<\/p>\n\n\n\n<h2 class=\"wp-block-heading\">D\u00f3nde est\u00e1 detenido Dani Alves mientras espera el juicio<\/h2>\n\n\n\n<p><strong>Dani Alves est\u00e1 detenido en el Centro Penitenciario Brians 1<\/strong>, ubicado en Sant Esteve Sesrovires, cerca de Barcelona, en Espa\u00f1a. Este centro penitenciario fue puesto en funcionamiento en 1991 y alberga principalmente a presos preventivos del \u00e1rea de Barcelona. El complejo cuenta con diversas instalaciones que permiten el desarrollo de actividades culturales, educativas, laborales y deportivas para los internos.<\/p>\n","protected":false},"excerpt":{"rendered":"<p>Dani Alves\u00a0ya tiene programada la fecha del juicio para los d\u00edas\u00a05, 6 y 7 de febrero de 2024\u00a0para determinar si es culpable o no de la agresi\u00f3n sexual de la&hellip; <\/p>\n","protected":false},"author":12,"featured_media":112167,"comment_status":"closed","ping_status":"open","sticky":false,"template":"","format":"standard","meta":{"footnotes":""},"categories":[4],"tags":[],"class_list":["post-112163","post","type-post","status-publish","format-standard","has-post-thumbnail","hentry","category-deportes"],"_links":{"self":[{"href":"https:\/\/corrientesdetarde.com\/index.php\/wp-json\/wp\/v2\/posts\/112163","targetHints":{"allow":["GET"]}}],"collection":[{"href":"https:\/\/corrientesdetarde.com\/index.php\/wp-json\/wp\/v2\/posts"}],"about":[{"href":"https:\/\/corrientesdetarde.com\/index.php\/wp-json\/wp\/v2\/types\/post"}],"author":[{"embeddable":true,"href":"https:\/\/corrientesdetarde.com\/index.php\/wp-json\/wp\/v2\/users\/12"}],"replies":[{"embeddable":true,"href":"https:\/\/corrientesdetarde.com\/index.php\/wp-json\/wp\/v2\/comments?post=112163"}],"version-history":[{"count":2,"href":"https:\/\/corrientesdetarde.com\/index.php\/wp-json\/wp\/v2\/posts\/112163\/revisions"}],"predecessor-version":[{"id":112174,"href":"https:\/\/corrientesdetarde.com\/index.php\/wp-json\/wp\/v2\/posts\/112163\/revisions\/112174"}],"wp:featuredmedia":[{"embeddable":true,"href":"https:\/\/corrientesdetarde.com\/index.php\/wp-json\/wp\/v2\/media\/112167"}],"wp:attachment":[{"href":"https:\/\/corrientesdetarde.com\/index.php\/wp-json\/wp\/v2\/media?parent=112163"}],"wp:term":[{"taxonomy":"category","embeddable":true,"href":"https:\/\/corrientesdetarde.com\/index.php\/wp-json\/wp\/v2\/categories?post=112163"},{"taxonomy":"post_tag","embeddable":true,"href":"https:\/\/corrientesdetarde.com\/index.php\/wp-json\/wp\/v2\/tags?post=112163"}],"curies":[{"name":"wp","href":"https:\/\/api.w.org\/{rel}","templated":true}]}}