{"id":112164,"date":"2023-12-20T11:01:21","date_gmt":"2023-12-20T14:01:21","guid":{"rendered":"https:\/\/corrientesdetarde.com\/?p=112164"},"modified":"2023-12-20T11:15:16","modified_gmt":"2023-12-20T14:15:16","slug":"diana-mondino-se-reune-con-la-canciller-de-francia-para-acelerar-el-acuerdo-con-la-union-europea","status":"publish","type":"post","link":"https:\/\/corrientesdetarde.com\/index.php\/politica\/diana-mondino-se-reune-con-la-canciller-de-francia-para-acelerar-el-acuerdo-con-la-union-europea\/","title":{"rendered":"Diana Mondino se re\u00fane con la canciller de Francia para acelerar el acuerdo con la Uni\u00f3n Europea"},"content":{"rendered":"\n<p>Diana Mondino lleg\u00f3 ayer por la tarde a Par\u00eds en su primer viaje al exterior desde que asumi\u00f3 como canciller.\u00a0<strong>La elecci\u00f3n de Francia no fue casualidad<\/strong>: viaj\u00f3 para impulsar el ingreso de la Argentina a la OCDE, negociar inversiones e impulsar el acuerdo de\u00a0libre comercio entre el Mercosur y la Uni\u00f3n Europea (UE).<\/p>\n\n\n\n<p>Bajo estas premisas es que, a las pocas horas de llegar a la capital francesa, Mondino mantuvo un encuentro en el Palacio del Eliseo \u2013sede de la presidencia- con\u00a0<strong>Emmanuel Bonne<\/strong>, jefe diplom\u00e1tico del presidente Emmanuel Macron y\u00a0<strong>principal asesor en materia de pol\u00edtica exterior.<\/strong><\/p>\n\n\n\n<p><strong>\u201cFue un encuentro muy fruct\u00edfero<\/strong>&nbsp;y es un orgullo que Macron apoye a la Argentina en esta nueva etapa que est\u00e1 comenzando con inversiones y apoyos en instancias multilaterales\u201d, asegur\u00f3 Mondino a la salida del encuentro, del que tambi\u00e9n particip\u00f3&nbsp;<strong>Ian Zielecki<\/strong>, el joven que ser\u00e1 el embajador argentino en Francia.<\/p>\n\n\n\n<p>En sus primeras horas en la \u201cciudad de la luz\u201d, Mondino se asegur\u00f3 volver a Buenos Aires con buenas noticias econ\u00f3micas: el gigante del litio Eramet, que ya est\u00e1 presente en la Argentina,&nbsp;<strong>anunci\u00f3 que invertir\u00e1 800 millones de d\u00f3lares<\/strong>&nbsp;en su emprendimiento vigente en Salta.<\/p>\n\n\n\n<figure class=\"wp-block-image\"><img decoding=\"async\" src=\"https:\/\/tn.com.ar\/resizer\/g8ghJFRN6rwY0-3AlfiK81s4T7I=\/767x0\/smart\/filters:format(webp)\/cloudfront-us-east-1.images.arcpublishing.com\/artear\/T3OPKFVGUSI76AJZ5ZWFRINXJA.jpg\" alt=\"El bloque europeo y el Mercosur conf\u00edan en que Macron apoyar\u00e1 la firma final del acuerdo. (Foto: Julien de Rosa\/REUTERS)\"\/><figcaption>El bloque europeo y el Mercosur conf\u00edan en que Macron apoyar\u00e1 la firma final del acuerdo. (Foto: Julien de Rosa\/REUTERS)Por:&nbsp;<strong>via REUTERS<\/strong><\/figcaption><\/figure>\n\n\n\n<p>Tal como le aseguraron a&nbsp;<strong>TN&nbsp;<\/strong>desde Canciller\u00eda, el CEO de la empresa, Christel Bories, acompa\u00f1ado por otras autoridades, \u201ccelebraron las decisiones del gobierno en materia de importaciones y consideraron que es una se\u00f1al estupenda para los inversores\u201d. En t\u00e9rminos generales, el mundo empresarial en el extranjero mira con optimismo los primeros movimientos de Milei,&nbsp;<strong>aunque tambi\u00e9n reina la cautela a la espera de lo que suceda en estas semanas.<\/strong><\/p>\n\n\n\n<h2 class=\"wp-block-heading\">El plato fuerte del viaje<\/h2>\n\n\n\n<p>El breve paso de Mondino por Par\u00eds \u2013el jueves por la noche se espera que ya est\u00e9 de regreso en Buenos Aires- tiene como finalidad no s\u00f3lo recolectar la mayor cantidad de inversiones posibles, sino tambi\u00e9n\u00a0<strong>impulsar el ingreso de la Argentina a la OCDE<\/strong>\u00a0y acelerar el acuerdo de la UE y el Mercosur.<\/p>\n\n\n\n<p><strong>\u201cPor fin vemos que est\u00e1 la decisi\u00f3n pol\u00edtica de avanzar en la firma final\u201d,<\/strong>\u00a0le reconoci\u00f3 a este medio un funcionario europeo que en los \u00faltimos a\u00f1os sigui\u00f3 bien de cerca la negociaci\u00f3n desde Bruselas. La llegada de Milei al gobierno, la presidencia pro tempore de Paraguay en el Mercosur, el cambio de autoridades europeas para mediados de 2024 y el posible avance de los sectores de derecha en la Euroc\u00e1mara ayudaron a que se acelerara.<\/p>\n\n\n\n<p>Francia fue quien m\u00e1s se opuso a la ratificaci\u00f3n final desde que se firm\u00f3 la primera parte del acuerdo en 2019. A pesar de que esgrim\u00eda cuestiones medioambientales,&nbsp;<strong>Macron siempre mantuvo una posici\u00f3n proteccionista&nbsp;<\/strong>hacia el sector ganadero y agr\u00edcola de su pa\u00eds.<\/p>\n\n\n\n<p>Quienes est\u00e1n al detalle del avance de las negociaciones afirman que el presidente franc\u00e9s estar\u00eda dispuesto a ceder en su posici\u00f3n ante la presi\u00f3n de gran parte del bloque europeo y de la decisi\u00f3n del Mercosur por avanzar.&nbsp;<strong>\u201cEs una ventana que si se cierra ahora puede no volver a abrirse\u201d<\/strong>, le aseguraron a&nbsp;<strong>TN&nbsp;<\/strong>distintas fuentes diplom\u00e1ticas europeas.<\/p>\n\n\n\n<figure class=\"wp-block-image\"><img decoding=\"async\" src=\"https:\/\/tn.com.ar\/resizer\/qAP1YKTtxACsYjZ0yr01GZWEe-4=\/767x0\/smart\/filters:format(webp)\/cloudfront-us-east-1.images.arcpublishing.com\/artear\/KKA5QXQZOZATZNO5IEY4XEBJUY.jpg\" alt=\"Una de las prioridades de la pol\u00edtica exterior argentina ser\u00e1 la de concretar el ingreso a la OCDE. (Foto: OCDE)\"\/><figcaption>Una de las prioridades de la pol\u00edtica exterior argentina ser\u00e1 la de concretar el ingreso a la OCDE. (Foto: OCDE)<\/figcaption><\/figure>\n\n\n\n<p>El 31 de diciembre&nbsp;<strong>Espa\u00f1a le entrega la presidencia del Consejo Europeo a B\u00e9lgica<\/strong>, m\u00e1s reacio a impulsar este tipo de tratados. Los optimistas apuntan a cerrarlo antes de que termine el a\u00f1o, aunque admiten es dif\u00edcil.<\/p>\n\n\n\n<p>Con estos elementos bajo el brazo es que Diana Mondino tiene prevista una<strong>&nbsp;reuni\u00f3n clave con la canciller francesa, Catherine Colonna<\/strong>, adem\u00e1s de otros ministros y funcionarios de primera l\u00ednea de Macron. Buscar\u00e1 asegurarse el respaldo franc\u00e9s, una tarea que parec\u00eda muy dif\u00edcil semanas atr\u00e1s.<\/p>\n\n\n\n<p>En agenda no figuran encuentros con representantes de la OCDE, pero su presencia en la capital francesa tambi\u00e9n tiene como objetivo convencer a los grupos de influencia para que&nbsp;<strong>respalden la intenci\u00f3n de la Argentina de integrar esta organizaci\u00f3n<\/strong>&nbsp;de 38 influyentes pa\u00edses que coordinan pol\u00edticas econ\u00f3micas a nivel global.<\/p>\n","protected":false},"excerpt":{"rendered":"<p>Diana Mondino lleg\u00f3 ayer por la tarde a Par\u00eds en su primer viaje al exterior desde que asumi\u00f3 como canciller.\u00a0La elecci\u00f3n de Francia no fue casualidad: viaj\u00f3 para impulsar el&hellip; <\/p>\n","protected":false},"author":12,"featured_media":112165,"comment_status":"closed","ping_status":"open","sticky":false,"template":"","format":"standard","meta":{"footnotes":""},"categories":[3],"tags":[],"class_list":["post-112164","post","type-post","status-publish","format-standard","has-post-thumbnail","hentry","category-politica"],"_links":{"self":[{"href":"https:\/\/corrientesdetarde.com\/index.php\/wp-json\/wp\/v2\/posts\/112164","targetHints":{"allow":["GET"]}}],"collection":[{"href":"https:\/\/corrientesdetarde.com\/index.php\/wp-json\/wp\/v2\/posts"}],"about":[{"href":"https:\/\/corrientesdetarde.com\/index.php\/wp-json\/wp\/v2\/types\/post"}],"author":[{"embeddable":true,"href":"https:\/\/corrientesdetarde.com\/index.php\/wp-json\/wp\/v2\/users\/12"}],"replies":[{"embeddable":true,"href":"https:\/\/corrientesdetarde.com\/index.php\/wp-json\/wp\/v2\/comments?post=112164"}],"version-history":[{"count":2,"href":"https:\/\/corrientesdetarde.com\/index.php\/wp-json\/wp\/v2\/posts\/112164\/revisions"}],"predecessor-version":[{"id":112173,"href":"https:\/\/corrientesdetarde.com\/index.php\/wp-json\/wp\/v2\/posts\/112164\/revisions\/112173"}],"wp:featuredmedia":[{"embeddable":true,"href":"https:\/\/corrientesdetarde.com\/index.php\/wp-json\/wp\/v2\/media\/112165"}],"wp:attachment":[{"href":"https:\/\/corrientesdetarde.com\/index.php\/wp-json\/wp\/v2\/media?parent=112164"}],"wp:term":[{"taxonomy":"category","embeddable":true,"href":"https:\/\/corrientesdetarde.com\/index.php\/wp-json\/wp\/v2\/categories?post=112164"},{"taxonomy":"post_tag","embeddable":true,"href":"https:\/\/corrientesdetarde.com\/index.php\/wp-json\/wp\/v2\/tags?post=112164"}],"curies":[{"name":"wp","href":"https:\/\/api.w.org\/{rel}","templated":true}]}}