{"id":112210,"date":"2023-12-20T12:36:19","date_gmt":"2023-12-20T15:36:19","guid":{"rendered":"https:\/\/corrientesdetarde.com\/?p=112210"},"modified":"2023-12-20T12:36:31","modified_gmt":"2023-12-20T15:36:31","slug":"la-unidad-ejecutora-provincial-capacito-sobre-circuito-gasto-recupero","status":"publish","type":"post","link":"https:\/\/corrientesdetarde.com\/index.php\/informacion-general\/la-unidad-ejecutora-provincial-capacito-sobre-circuito-gasto-recupero\/","title":{"rendered":"La Unidad Ejecutora Provincial capacit\u00f3 sobre Circuito Gasto \u2013 Recupero"},"content":{"rendered":"\n<p><em>Se trata de una actividad que se llev\u00f3 a cabo junto al Consejo Federal de Inversiones (CFI) y al Instituto Formar. Particip\u00f3 personal de las \u00e1reas de administraci\u00f3n y facturaci\u00f3n de los Centros de Atenci\u00f3n Primaria de la Salud de la Provincia.<\/em><\/p>\n\n\n\n<p>El Ministerio de Salud P\u00fablica, a trav\u00e9s de la Unidad Ejecutora Provincial (UEP) dependiente de la Direcci\u00f3n General de Administraci\u00f3n, realiz\u00f3 una capacitaci\u00f3n en la Escuela de Gobierno, junto al Consejo Federal de Inversiones (CFI) y el Instituto Formar.<\/p>\n\n\n\n<p>La charla denominada &#8220;Circuito Gasto \u2013 Recupero &#8211; Obras Sociales&#8221; trat\u00f3 sobre la recepci\u00f3n de facturaci\u00f3n, reconsideraci\u00f3n de d\u00e9bitos y el Circuito Gasto &#8211; Recupero. Al mismo tiempo, se hizo la presentaci\u00f3n del equipo de Direcci\u00f3n de T\u00e9cnica y Convenios Prestacionales de la UEP.<\/p>\n\n\n\n<p>La actividad cont\u00f3 con la presencia del director general de la UEP, Ariel V\u00e1zquez; la directora de T\u00e9cnica y Convenio Prestacionales, Mariela Torres; la jefa del Departamento de Convenios Griselda Garc\u00eda; jefa del Departamento de Auditor\u00eda T\u00e9cnica, Karina Segovia y Laura Gonz\u00e1lez, del Instituto Formar.<\/p>\n\n\n\n<p>&#8220;Continuamos trabajando en la l\u00ednea de capacitaci\u00f3n y formaci\u00f3n del personal de las distintas instituciones del Ministerio de Salud P\u00fablica abocadas a las \u00e1reas administrativas y de facturaci\u00f3n para afianzar el trabajo del recupero de lo invertido por el sistema de salud p\u00fablica a prestaciones brindadas a pacientes con obras sociales&#8221;, explic\u00f3&nbsp;Ariel V\u00e1zquez.<\/p>\n\n\n\n<p>&#8220;Es de suma importancia llevar adelante este tipo de capacitaciones ya que los Centros de Salud cuentan con atenci\u00f3n ambulatoria del paciente e internaci\u00f3n abreviada y deben tener el conocimiento y las herramientas necesarias para poder facturar a las obras sociales cuando las prestaciones sean brindadas a afiliados de estas. As\u00ed de esta manera se da cumplimiento a la ley provincial 3.593 de arancelamiento de servicios hospitalarios&#8221;, detall\u00f3.<\/p>\n\n\n\n<p>De la actividad particip\u00f3 personal de los Centros de Atenci\u00f3n Primaria de la Salud de la Provincia.<\/p>\n\n\n\n<figure class=\"wp-block-image size-large\"><img loading=\"lazy\" decoding=\"async\" width=\"1024\" height=\"576\" src=\"https:\/\/corrientesdetarde.com\/wp-content\/uploads\/2023\/12\/imagen-63035-1024x576.jpg\" alt=\"\" class=\"wp-image-112216\" srcset=\"https:\/\/corrientesdetarde.com\/wp-content\/uploads\/2023\/12\/imagen-63035-1024x576.jpg 1024w, https:\/\/corrientesdetarde.com\/wp-content\/uploads\/2023\/12\/imagen-63035-300x169.jpg 300w, https:\/\/corrientesdetarde.com\/wp-content\/uploads\/2023\/12\/imagen-63035-768x432.jpg 768w, https:\/\/corrientesdetarde.com\/wp-content\/uploads\/2023\/12\/imagen-63035.jpg 1280w\" sizes=\"auto, (max-width: 1024px) 100vw, 1024px\" \/><\/figure>\n\n\n\n<figure class=\"wp-block-image\"><img decoding=\"async\" src=\"blob:https:\/\/corrientesdetarde.com\/b244757f-5168-44a5-ab61-fe31662be719\" alt=\"\"\/><\/figure>\n","protected":false},"excerpt":{"rendered":"<p>Se trata de una actividad que se llev\u00f3 a cabo junto al Consejo Federal de Inversiones (CFI) y al Instituto Formar. Particip\u00f3 personal de las \u00e1reas de administraci\u00f3n y facturaci\u00f3n&hellip; <\/p>\n","protected":false},"author":12,"featured_media":112215,"comment_status":"closed","ping_status":"open","sticky":false,"template":"","format":"standard","meta":{"footnotes":""},"categories":[1],"tags":[],"class_list":["post-112210","post","type-post","status-publish","format-standard","has-post-thumbnail","hentry","category-informacion-general"],"_links":{"self":[{"href":"https:\/\/corrientesdetarde.com\/index.php\/wp-json\/wp\/v2\/posts\/112210","targetHints":{"allow":["GET"]}}],"collection":[{"href":"https:\/\/corrientesdetarde.com\/index.php\/wp-json\/wp\/v2\/posts"}],"about":[{"href":"https:\/\/corrientesdetarde.com\/index.php\/wp-json\/wp\/v2\/types\/post"}],"author":[{"embeddable":true,"href":"https:\/\/corrientesdetarde.com\/index.php\/wp-json\/wp\/v2\/users\/12"}],"replies":[{"embeddable":true,"href":"https:\/\/corrientesdetarde.com\/index.php\/wp-json\/wp\/v2\/comments?post=112210"}],"version-history":[{"count":1,"href":"https:\/\/corrientesdetarde.com\/index.php\/wp-json\/wp\/v2\/posts\/112210\/revisions"}],"predecessor-version":[{"id":112218,"href":"https:\/\/corrientesdetarde.com\/index.php\/wp-json\/wp\/v2\/posts\/112210\/revisions\/112218"}],"wp:featuredmedia":[{"embeddable":true,"href":"https:\/\/corrientesdetarde.com\/index.php\/wp-json\/wp\/v2\/media\/112215"}],"wp:attachment":[{"href":"https:\/\/corrientesdetarde.com\/index.php\/wp-json\/wp\/v2\/media?parent=112210"}],"wp:term":[{"taxonomy":"category","embeddable":true,"href":"https:\/\/corrientesdetarde.com\/index.php\/wp-json\/wp\/v2\/categories?post=112210"},{"taxonomy":"post_tag","embeddable":true,"href":"https:\/\/corrientesdetarde.com\/index.php\/wp-json\/wp\/v2\/tags?post=112210"}],"curies":[{"name":"wp","href":"https:\/\/api.w.org\/{rel}","templated":true}]}}