{"id":112211,"date":"2023-12-20T12:40:50","date_gmt":"2023-12-20T15:40:50","guid":{"rendered":"https:\/\/corrientesdetarde.com\/?p=112211"},"modified":"2023-12-20T12:40:54","modified_gmt":"2023-12-20T15:40:54","slug":"subsecretarios-de-salud-se-reunieron-con-directores-de-hospitales-de-las-regiones-sanitarias-3-y-4","status":"publish","type":"post","link":"https:\/\/corrientesdetarde.com\/index.php\/locales\/subsecretarios-de-salud-se-reunieron-con-directores-de-hospitales-de-las-regiones-sanitarias-3-y-4\/","title":{"rendered":"Subsecretarios de Salud se reunieron con directores de hospitales de las Regiones Sanitarias 3 y 4"},"content":{"rendered":"\n<p><em>En la ocasi\u00f3n y como viene sucediendo con otras zonas sanitarias, se analiz\u00f3 la situaci\u00f3n en general, el acomodamiento financiero y la planificaci\u00f3n para el 2024 de cada instituci\u00f3n.<\/em><\/p>\n\n\n\n<p>En la ciudad de Mercedes, por indicaci\u00f3n del ministro de Salud P\u00fablica de la Provincia, Ricardo Cardozo, subsecretarios de la cartera sanitaria e integrantes de la Comisi\u00f3n Hospitalaria se reunieron hoy con directores de hospitales de las Regiones Sanitarias 3 y 4, para realizar una evaluaci\u00f3n y proyecci\u00f3n, siguiendo la l\u00ednea trazada por el Gobernador Gustavo Vald\u00e9s. En este sentido, se analiz\u00f3 la situaci\u00f3n en general, el acomodamiento financiero y la planificaci\u00f3n para el 2024.<\/p>\n\n\n\n<p>Vale recordar que el ministro Cardozo viene encabezando encuentros similares con directores de hospitales de otras regiones sanitarias. En l\u00edneas generales, el mensaje del ministro a los directores, es el de seguir brindando una \u00f3ptima atenci\u00f3n sanitaria y evitar gastos superfluos, de acuerdo a la nueva situaci\u00f3n del pa\u00eds.<\/p>\n\n\n\n<p>En la ocasi\u00f3n, por la Regi\u00f3n Sanitaria 3 participaron directores de hospitales de las localidades Esquina, Pueblo Libertador, Goya, Colonia Carolina, Santa Luc\u00eda, Lavalle, Gobernador Mart\u00ednez, Cruz de los Milagros, Cecilio Echeverr\u00eda, Yatay Ti Calle; y por la Regi\u00f3n Sanitaria 4, de Curuz\u00fa Cuati\u00e1, Perugorr\u00eda, Mercedes, Mariano I. Loza, Felipe Yofre, Monte Caseros, Mocoret\u00e1, Juan Pujol, Colonia Libertad, Paso de los Libres, Sauce, Carlos Pellegrini y Tapebicu\u00e1.<\/p>\n\n\n\n<figure class=\"wp-block-image size-large\"><img loading=\"lazy\" decoding=\"async\" width=\"1024\" height=\"683\" src=\"https:\/\/corrientesdetarde.com\/wp-content\/uploads\/2023\/12\/imagen-63039-1024x683.jpg\" alt=\"\" class=\"wp-image-112221\" srcset=\"https:\/\/corrientesdetarde.com\/wp-content\/uploads\/2023\/12\/imagen-63039-1024x683.jpg 1024w, https:\/\/corrientesdetarde.com\/wp-content\/uploads\/2023\/12\/imagen-63039-300x200.jpg 300w, https:\/\/corrientesdetarde.com\/wp-content\/uploads\/2023\/12\/imagen-63039-768x512.jpg 768w, https:\/\/corrientesdetarde.com\/wp-content\/uploads\/2023\/12\/imagen-63039-1536x1024.jpg 1536w, https:\/\/corrientesdetarde.com\/wp-content\/uploads\/2023\/12\/imagen-63039.jpg 2048w\" sizes=\"auto, (max-width: 1024px) 100vw, 1024px\" \/><\/figure>\n","protected":false},"excerpt":{"rendered":"<p>En la ocasi\u00f3n y como viene sucediendo con otras zonas sanitarias, se analiz\u00f3 la situaci\u00f3n en general, el acomodamiento financiero y la planificaci\u00f3n para el 2024 de cada instituci\u00f3n. En&hellip; <\/p>\n","protected":false},"author":12,"featured_media":112220,"comment_status":"closed","ping_status":"open","sticky":false,"template":"","format":"standard","meta":{"footnotes":""},"categories":[8],"tags":[],"class_list":["post-112211","post","type-post","status-publish","format-standard","has-post-thumbnail","hentry","category-locales"],"_links":{"self":[{"href":"https:\/\/corrientesdetarde.com\/index.php\/wp-json\/wp\/v2\/posts\/112211","targetHints":{"allow":["GET"]}}],"collection":[{"href":"https:\/\/corrientesdetarde.com\/index.php\/wp-json\/wp\/v2\/posts"}],"about":[{"href":"https:\/\/corrientesdetarde.com\/index.php\/wp-json\/wp\/v2\/types\/post"}],"author":[{"embeddable":true,"href":"https:\/\/corrientesdetarde.com\/index.php\/wp-json\/wp\/v2\/users\/12"}],"replies":[{"embeddable":true,"href":"https:\/\/corrientesdetarde.com\/index.php\/wp-json\/wp\/v2\/comments?post=112211"}],"version-history":[{"count":1,"href":"https:\/\/corrientesdetarde.com\/index.php\/wp-json\/wp\/v2\/posts\/112211\/revisions"}],"predecessor-version":[{"id":112222,"href":"https:\/\/corrientesdetarde.com\/index.php\/wp-json\/wp\/v2\/posts\/112211\/revisions\/112222"}],"wp:featuredmedia":[{"embeddable":true,"href":"https:\/\/corrientesdetarde.com\/index.php\/wp-json\/wp\/v2\/media\/112220"}],"wp:attachment":[{"href":"https:\/\/corrientesdetarde.com\/index.php\/wp-json\/wp\/v2\/media?parent=112211"}],"wp:term":[{"taxonomy":"category","embeddable":true,"href":"https:\/\/corrientesdetarde.com\/index.php\/wp-json\/wp\/v2\/categories?post=112211"},{"taxonomy":"post_tag","embeddable":true,"href":"https:\/\/corrientesdetarde.com\/index.php\/wp-json\/wp\/v2\/tags?post=112211"}],"curies":[{"name":"wp","href":"https:\/\/api.w.org\/{rel}","templated":true}]}}