{"id":112236,"date":"2023-12-20T14:34:12","date_gmt":"2023-12-20T17:34:12","guid":{"rendered":"https:\/\/corrientesdetarde.com\/?p=112236"},"modified":"2023-12-20T14:34:25","modified_gmt":"2023-12-20T17:34:25","slug":"javier-milei-demoro-la-publicacion-del-dnu-para-evitar-que-repercuta-en-la-marcha-de-los-piqueteros","status":"publish","type":"post","link":"https:\/\/corrientesdetarde.com\/index.php\/politica\/javier-milei-demoro-la-publicacion-del-dnu-para-evitar-que-repercuta-en-la-marcha-de-los-piqueteros\/","title":{"rendered":"Javier Milei demor\u00f3 la publicaci\u00f3n del DNU para evitar que repercuta en la marcha de los piqueteros"},"content":{"rendered":"\n<p>\u201cLa cadena se pas\u00f3 para las 21 porque preferimos que no choque con la marcha\u201d, le expres\u00f3 a  un funcionario del Gobierno.<\/p>\n\n\n\n<p><a href=\"https:\/\/tn.com.ar\/autor\/Isalerno\/\"><\/a><strong>Javier Milei demor\u00f3 la publicaci\u00f3n del decreto de Necesidad y Urgencia (DNU) de desregulaci\u00f3n econ\u00f3mica para evitar que repercuta con la marcha<\/strong>\u00a0de los piqueteros en Ciudad de Buenos Aires.<\/p>\n\n\n\n<p>Seg\u00fan pudo saber\u00a0,\u00a0<strong>la decisi\u00f3n de posponer las medidas la tom\u00f3 el Ejecutivo ayer a la noche<\/strong>\u00a0por tres motivos: evitar darles a los piqueteros razones para marchar, eludir sacudones en los mercados y concentrar la atenci\u00f3n p\u00fablica.<\/p>\n\n\n\n<p>Al respecto, un funcionario del Gobierno le expres\u00f3 a<strong>\u00a0<\/strong>lo siguiente: \u201cLa cadena se pas\u00f3 para las 21 porque\u00a0<strong>preferimos que no choque con la marcha y no se divida la atenci\u00f3n de la gente<\/strong>\u201d.<\/p>\n\n\n\n<p>\u201cAdem\u00e1s,<strong>&nbsp;con las medidas publicadas tendr\u00edan m\u00e1s excusas para marchar<\/strong>. Nos pareci\u00f3 mejor que est\u00e9 la aguja concentrada en la cadena a las 21&nbsp;<strong>y que no sea al mediod\u00eda con el mercado ya abierto<\/strong>\u201d, agreg\u00f3.<\/p>\n\n\n\n<figure class=\"wp-block-image\"><img decoding=\"async\" src=\"https:\/\/tn.com.ar\/resizer\/L4SA2WVtUG_4d6Q5P5dULn8oYSM=\/767x0\/smart\/filters:format(webp)\/cloudfront-us-east-1.images.arcpublishing.com\/artear\/HUWBOIQGM5DXLJ3HB6EEZBYR3E.jpg\" alt=\"Marcha piquetera contra &quot;la derecha y el ajuste&quot; a Plaza de Mayo. (Foto Agustina Rib\u00f3)\"\/><\/figure>\n\n\n\n<p>En ese contexto, este medio pudo saber que, entre las medidas que sacar\u00e1 Milei por DNU, se encuentra una&nbsp;<strong>desregulaci\u00f3n econ\u00f3mica, de los contratos comerciales y la unificaci\u00f3n de tipo jur\u00eddico de las empresas del Estado<\/strong>&nbsp;bajo la denominaci\u00f3n de sociedades an\u00f3nimas.<\/p>\n\n\n\n<p>En esa l\u00ednea, un dirigente de La Libertad Avanza expres\u00f3 que buscar\u00e1n flexibilizar el mercado laboral con medidas como\u00a0<strong>la eliminaci\u00f3n de las indemnizaciones por el trabajo mal registrado<\/strong>,\u00a0<strong>la baja de impuestos a la contrataci\u00f3n y la simplificaci\u00f3n del registro<\/strong>.<\/p>\n\n\n\n<p>En ese sentido, tienen la intenci\u00f3n de aplicar&nbsp;<strong>un seguro de desempleo como el de la Uni\u00f3n Obrera de Construcci\u00f3n (UOCRA),<\/strong><\/p>\n\n\n\n<p>\u201cQueremos mayor agilidad para el mercado laboral, fluidez y<strong>&nbsp;desactivar el sistema actual en el que la industria de los abogados se quedan con la torta de plata<\/strong>, mientras que los empresarios se funden\u201d, expres\u00f3 un oficialista.<\/p>\n\n\n\n<figure class=\"wp-block-image\"><img decoding=\"async\" src=\"https:\/\/tn.com.ar\/resizer\/0h4QdMYtkCn9SJWFajr2K-wrBa4=\/767x0\/smart\/filters:format(webp)\/cloudfront-us-east-1.images.arcpublishing.com\/artear\/4DMHIGPQ3BD3BADBUGZIUFIIW4.jpg\" alt=\"Javier Milei en el balc\u00f3n de Casa Rosada (Foto: AFP\/Cezaro de Luca).\"\/><\/figure>\n\n\n\n<p>En ese aspecto, Milei llamar\u00e1 a sesiones extraordinarias el jueves o el viernes y&nbsp;<strong>la primera reforma que mandar\u00e1 para sancionar es la fiscal\/impositiva<\/strong>.<\/p>\n\n\n\n<p>Seg\u00fan pudo saber, incluye modificaciones en el impuesto de\u00a0<strong>Bienes Personales, un blanqueo de capitales y una moratoria impositiva<\/strong>\u00a0para regularizar deudas del Estado.<\/p>\n\n\n\n<p><strong>Lo que no est\u00e1 claro es la inclusi\u00f3n de la restituci\u00f3n de la vieja norma de Ganancias<\/strong>&nbsp;que fue impulsada por el exministro de Econom\u00eda Sergio Massa. Ayer, no se consensu\u00f3 con los gobernadores la forma por la cual se les compensar\u00e1n los recursos perdidos.<\/p>\n\n\n\n<p>Varios de los&nbsp;<strong>mandatarios provinciales siguen insistiendo con que se coparticipe el 50% del impuesto al cheque<\/strong>. En La Libertad Avanza, no lo miran con buenos ojos.<\/p>\n","protected":false},"excerpt":{"rendered":"<p>\u201cLa cadena se pas\u00f3 para las 21 porque preferimos que no choque con la marcha\u201d, le expres\u00f3 a un funcionario del Gobierno. Javier Milei demor\u00f3 la publicaci\u00f3n del decreto de&hellip; <\/p>\n","protected":false},"author":8,"featured_media":112237,"comment_status":"closed","ping_status":"open","sticky":false,"template":"","format":"standard","meta":{"footnotes":""},"categories":[3],"tags":[],"class_list":["post-112236","post","type-post","status-publish","format-standard","has-post-thumbnail","hentry","category-politica"],"_links":{"self":[{"href":"https:\/\/corrientesdetarde.com\/index.php\/wp-json\/wp\/v2\/posts\/112236","targetHints":{"allow":["GET"]}}],"collection":[{"href":"https:\/\/corrientesdetarde.com\/index.php\/wp-json\/wp\/v2\/posts"}],"about":[{"href":"https:\/\/corrientesdetarde.com\/index.php\/wp-json\/wp\/v2\/types\/post"}],"author":[{"embeddable":true,"href":"https:\/\/corrientesdetarde.com\/index.php\/wp-json\/wp\/v2\/users\/8"}],"replies":[{"embeddable":true,"href":"https:\/\/corrientesdetarde.com\/index.php\/wp-json\/wp\/v2\/comments?post=112236"}],"version-history":[{"count":1,"href":"https:\/\/corrientesdetarde.com\/index.php\/wp-json\/wp\/v2\/posts\/112236\/revisions"}],"predecessor-version":[{"id":112238,"href":"https:\/\/corrientesdetarde.com\/index.php\/wp-json\/wp\/v2\/posts\/112236\/revisions\/112238"}],"wp:featuredmedia":[{"embeddable":true,"href":"https:\/\/corrientesdetarde.com\/index.php\/wp-json\/wp\/v2\/media\/112237"}],"wp:attachment":[{"href":"https:\/\/corrientesdetarde.com\/index.php\/wp-json\/wp\/v2\/media?parent=112236"}],"wp:term":[{"taxonomy":"category","embeddable":true,"href":"https:\/\/corrientesdetarde.com\/index.php\/wp-json\/wp\/v2\/categories?post=112236"},{"taxonomy":"post_tag","embeddable":true,"href":"https:\/\/corrientesdetarde.com\/index.php\/wp-json\/wp\/v2\/tags?post=112236"}],"curies":[{"name":"wp","href":"https:\/\/api.w.org\/{rel}","templated":true}]}}