{"id":112245,"date":"2023-12-20T14:50:49","date_gmt":"2023-12-20T17:50:49","guid":{"rendered":"https:\/\/corrientesdetarde.com\/?p=112245"},"modified":"2023-12-20T14:50:52","modified_gmt":"2023-12-20T17:50:52","slug":"el-agro-tuvo-7-dolares-diferentes-en-2023-como-impactaron-sobre-los-principales-granos","status":"publish","type":"post","link":"https:\/\/corrientesdetarde.com\/index.php\/economia\/el-agro-tuvo-7-dolares-diferentes-en-2023-como-impactaron-sobre-los-principales-granos\/","title":{"rendered":"El agro tuvo 7 d\u00f3lares diferentes en 2023: c\u00f3mo impactaron sobre los principales granos"},"content":{"rendered":"\n<p>La Bolsa de Comercio de Rosario analiz\u00f3 los diversos esquemas cambiarios que rigieron sobre las exportaciones del campo durante este a\u00f1o, incluido el que implementa el nuevo gobierno de Javier Milei.<\/p>\n\n\n\n<p>La<strong>&nbsp;Bolsa de Comercio de Rosario (BCR)<\/strong>&nbsp;analiz\u00f3 los 7 reg\u00edmenes cambiarios que en 2023 se instrumentaron para las exportaciones del agro, incluyendo al que actualmente lleva adelante el gobierno de&nbsp;<strong>Javier Milei.<\/strong><\/p>\n\n\n\n<p>\u00bfQu\u00e9 efectos tuvieron estos mecanismos sobre el tipo de cambio real al cual exporta el campo? \u00bfC\u00f3mo impactaron sobre la comercializaci\u00f3n de granos?, fueron algunos de los interrogantes que abord\u00f3 el informe elaborado por\u00a0<strong>Natalia Mar\u00edn y Emilce Terr\u00e9.<\/strong><\/p>\n\n\n\n<p>El 2023 fue claramente un a\u00f1o marcado por la incertidumbre. \u201cPor un lado, a medida que se acumulaban las semanas sin lluvias significativas y los term\u00f3metros al rojo vivo, crec\u00eda la duda de cu\u00e1ntos kilos se iba a poder sacar del campo. Por el otro, los constantes vaivenes en la pol\u00edtica cambiaria y comercial exacerbaban la volatilidad intr\u00ednseca a los mercados. Y finalmente el proceso electoral y el cambio de gobierno\u201d, se\u00f1al\u00f3 el an\u00e1lisis.<\/p>\n\n\n\n<p><strong>De los 365 d\u00edas que marca un a\u00f1o calendario, en 238 d\u00edas (el 70%) existi\u00f3 un tipo de cambio diferencial para el agro.<\/strong>&nbsp;Los \u201cProgramas Incremento Exportador (PIE)\u201d tuvieron su debut en septiembre del a\u00f1o 2022 mediante el Decreto 576\/2022 y desde ese entonces&nbsp;<strong>se convirtieron en un mecanismo recurrente ante la necesidad de fortalecer la acumulaci\u00f3n de reservas del Banco Central de la Rep\u00fablica Argentina (BCRA).<\/strong><\/p>\n\n\n\n<p>Al PIE I de septiembre 2022 le siguieron el II, el III, el IV y el V y, luego de ello, el Decreto 549\/2023 estableci\u00f3 un \u201cD\u00f3lar Exportador\u201d que comprend\u00eda un esquema de liquidaci\u00f3n de divisas para todos los productos con Nomenclatura Com\u00fan del Mercosur y algunos servicios.<\/p>\n\n\n\n<figure class=\"wp-block-image\"><img decoding=\"async\" src=\"https:\/\/tn.com.ar\/resizer\/YHO-QuNSZLQNYgVaYk_1oMOOko4=\/767x0\/smart\/filters:format(webp)\/cloudfront-us-east-1.images.arcpublishing.com\/artear\/4XA2P4U7YZDQDNPFDWUUOZ45ZM.jpg\" alt=\"El agro tuvo 7 d\u00f3lares diferentes en 2023: c\u00f3mo impactaron sobre los principales granos \"\/><\/figure>\n\n\n\n<p>Este mismo fue a continuaci\u00f3n prorrogado y recientemente reinstaurado, aunque cada uno con sus condiciones diferenciales. En efecto, e<strong>l \u00faltimo tipo de cambio diferencial se dispuso el pasado mi\u00e9rcoles 13 de diciembre con el Decreto de Necesidad y Urgencia 28\/2023 del flamante gobierno,&nbsp;<\/strong>abarcando a todos los productos con NCM y definiendo un nuevo esquema de liquidaci\u00f3n: 80% al valor oficial del d\u00f3lar por el mercado oficial de cambios y 20% al Contado Con Liquidaci\u00f3n (CCL).<\/p>\n\n\n\n<p>Debe considerarse, adem\u00e1s, que cada programa se diferenci\u00f3 del anterior en t\u00e9rminos de alcance y tipo de r\u00e9gimen. Los primeros establec\u00edan un tipo de cambio fijo m\u00e1s alto que el oficial, en tanto que desde septiembre de 2023 en adelante el esquema pasaba a ser variable, seg\u00fan la cotizaci\u00f3n de la divisa norteamericana.<\/p>\n\n\n\n<p>Como resumen, la BCR mostr\u00f3 la evoluci\u00f3n del tipo de cambio comprador del Banco Naci\u00f3n (BNA), referencia tradicional para las exportaciones de granos en argentina, el CCL y el \u201cd\u00f3lar agro\u201d, calculado como el oficial del BNA cuando no estuvo vigente ning\u00fan programa, y el \u201cd\u00f3lar agro\u201d en momentos donde s\u00ed lo estuvo.<\/p>\n\n\n\n<figure class=\"wp-block-image\"><img decoding=\"async\" src=\"https:\/\/tn.com.ar\/resizer\/6EtVNzfR2riS3O2tc0Zhaz5gwP4=\/767x0\/smart\/filters:format(webp)\/cloudfront-us-east-1.images.arcpublishing.com\/artear\/SF26ZGWU4RBL7GIO4IQB3WMJK4.jpg\" alt=\"El \u00e1rea gris se\u00f1ala la vigencia de alg\u00fan programa &quot;d\u00f3lar agro&quot;.  (Fuente: BCR) \"\/><\/figure>\n\n\n\n<p>Puede observarse que los<strong>\u00a0primeros 3 Programas de Incremento Exportador (PIE)<\/strong>\u00a0fueron en su puntapi\u00e9 inicial los m\u00e1s exitosos en t\u00e9rminos de bajar la brecha entre el tipo de cambio al cual se liquidan las exportaciones agr\u00edcolas y el tipo de cambio CCL, aunque aun as\u00ed, el piso fue, a valores actuales, 173,3 pesos por cada d\u00f3lar exportado.<\/p>\n\n\n\n<p>A la inversa,<strong>&nbsp;el punto m\u00e1ximo de la brecha se toc\u00f3 previo a las elecciones presidenciales de octubre,<\/strong>&nbsp;el 20 de dicho mes, cuando las exportaciones agroindustriales se liquidaban a un tipo de cambio $670,3 por d\u00f3lar, inferior al tipo de cambio financiero, siempre actualizado de acuerdo con el coeficiente de estabilizaci\u00f3n de referencia, o CER, en base a la inflaci\u00f3n acumulada.<\/p>\n\n\n\n<figure class=\"wp-block-image\"><img decoding=\"async\" src=\"https:\/\/tn.com.ar\/resizer\/wWhHFo2hnjGnv7bFDeXkg23yBAM=\/767x0\/smart\/filters:format(webp)\/cloudfront-us-east-1.images.arcpublishing.com\/artear\/26QEIFY72JDR5DJIVDMB2XBEN4.jpg\" alt=\"El agro tuvo 7 d\u00f3lares diferentes en 2023: c\u00f3mo impactaron sobre los principales granos \"\/><\/figure>\n\n\n\n<h2 class=\"wp-block-heading\">El impacto en los principales granos<\/h2>\n\n\n\n<p>La<strong>&nbsp;operatoria en este a\u00f1o es la m\u00e1s baja de los \u00faltimos 5,&nbsp;<\/strong>a\u00fan menor a la operatoria del 2018, que fue otra campa\u00f1a signada por una fuerte sequ\u00eda. Sin embargo, por primera vez, el gran driver de la comercializaci\u00f3n de granos en la Argentina no fue la estacionalidad de la cosecha, sino la vigencia de los programas exportadores.<\/p>\n\n\n\n<p>El&nbsp;<strong>complejo soja<\/strong>, principal motor de las exportaciones argentinas, fue por obvias razones el que m\u00e1s veces fue incluido en los sucesivos PIE, con excepci\u00f3n del PIE IV (julio-agosto 2023), popularmente conocido como<strong>&nbsp;\u201cD\u00f3lar Ma\u00edz\u201d.<\/strong><\/p>\n\n\n\n<figure class=\"wp-block-image\"><img decoding=\"async\" src=\"https:\/\/tn.com.ar\/resizer\/RAZztkPvdX5R07Jg6oOaO2Zfpds=\/767x0\/smart\/filters:format(webp)\/cloudfront-us-east-1.images.arcpublishing.com\/artear\/AUOA7HLJQVD2LH5DEDQD4KOGTE.jpg\" alt=\"El agro tuvo 7 d\u00f3lares diferentes en 2023: c\u00f3mo impactaron sobre los principales granos \"\/><\/figure>\n\n\n\n<p>Durante la mitad del a\u00f1o rigi\u00f3 el tipo de cambio oficial para las exportaciones de soja, y la otra mitad un tipo de cambio diferencial. Y como consecuencia, mientras reg\u00eda un programa exportador, se aceleraban las ventas de la poca mercader\u00eda disponible que dej\u00f3 la sequ\u00eda, en tanto que, cuando no reg\u00eda, la comercializaci\u00f3n ca\u00eda a m\u00ednimos en un lustro.<\/p>\n\n\n\n<p>En n\u00fameros, a d\u00edas de finalizar el a\u00f1o,&nbsp;<strong>el total comercializado en contratos de soja acumul\u00f3 17,5 millones de toneladas, de las cuales el 62% corresponden a contratos realizados bajo la vigencia de alg\u00fan PIE.<\/strong><\/p>\n\n\n\n<p>En el caso del&nbsp;<strong>ma\u00edz<\/strong>, el segundo complejo exportador m\u00e1s importante del pa\u00eds, fue incluido en la cuarta instancia del PIE, y luego en el r\u00e9gimen \u201cd\u00f3lar exportador\u201d y su respectiva pr\u00f3rroga. Del total comercializado en contratos de ma\u00edz durante todo el a\u00f1o, independientemente de la campa\u00f1a, un 40% se realiz\u00f3 bajo alg\u00fan programa de este tipo.<\/p>\n\n\n\n<figure class=\"wp-block-image\"><img decoding=\"async\" src=\"https:\/\/tn.com.ar\/resizer\/tW8Bf_jliqevQVe2iARndP-wA90=\/767x0\/smart\/filters:format(webp)\/cloudfront-us-east-1.images.arcpublishing.com\/artear\/XU62MDLDCFENRJVOTK3SBXKMSA.jpg\" alt=\"El agro tuvo 7 d\u00f3lares diferentes en 2023: c\u00f3mo impactaron sobre los principales granos \"\/><\/figure>\n\n\n\n<p>En el caso del\u00a0<strong>girasol<\/strong>, la comercializaci\u00f3n en el 2023 fue la segunda m\u00e1s alta del lustro luego del a\u00f1o 2019, el 56% de lo comercializado fue durante alg\u00fan tipo de cambio diferencial.<\/p>\n\n\n\n<p>Para la&nbsp;<strong>cebada,&nbsp;<\/strong>el 2023 se posiciona como el a\u00f1o con mayor comercializaci\u00f3n de los \u00faltimos 5, con un poco m\u00e1s de la mitad operado bajo alg\u00fan programa. En el caso del&nbsp;<strong>sorgo<\/strong>, el 68% de lo comercializado fue durante alguna instancia con tipo de cambio especial, a\u00fan as\u00ed las ventas acumuladas en 2023 son las m\u00e1s bajas de los \u00faltimos 3 a\u00f1os.<\/p>\n\n\n\n<figure class=\"wp-block-image\"><img decoding=\"async\" src=\"https:\/\/tn.com.ar\/resizer\/jHMcyVjRSg6JeODPJcK1RLQ82YY=\/767x0\/smart\/filters:format(webp)\/cloudfront-us-east-1.images.arcpublishing.com\/artear\/ERYJJKHPBFAGBBXFYBTDFCL63U.jpg\" alt=\"El agro tuvo 7 d\u00f3lares diferentes en 2023: c\u00f3mo impactaron sobre los principales granos \"\/><\/figure>\n\n\n\n<p>Hasta la fecha, el total anotado, por todos aquellos productos que requieren&nbsp;<strong>Declaraciones Juradas de Venta al Exterior (DJVE),<\/strong>&nbsp;es igual a 52,37 millones de toneladas, el m\u00e1s bajo registrado desde el 2013, como consecuencia directa de la \u201csevera sequ\u00eda\u201d que sufri\u00f3 Argentina en la campa\u00f1a 2022\/23. De este volumen, al menos la mitad de las toneladas registradas para cada complejo se realizaron bajo la vigencia de alg\u00fan tipo de cambio diferencial.<\/p>\n\n\n\n<figure class=\"wp-block-image\"><img decoding=\"async\" src=\"https:\/\/tn.com.ar\/resizer\/LnT2A8V9KhNvR4TWHkkPfhUhz9Y=\/767x0\/smart\/filters:format(webp)\/cloudfront-us-east-1.images.arcpublishing.com\/artear\/JEALPMP6EBDX3A6LUANGQTJPNE.jpg\" alt=\"El agro tuvo 7 d\u00f3lares diferentes en 2023: c\u00f3mo impactaron sobre los principales granos \"\/><\/figure>\n\n\n\n<h2 class=\"wp-block-heading\">C\u00f3mo se desarroll\u00f3 la primera semana del \u201cD\u00f3lar Exportador II\u201d<\/h2>\n\n\n\n<p>Para finalizar, la entidad rosarina realiz\u00f3 un breve racconto de lo sucedido desde la implementaci\u00f3n del \u00faltimo r\u00e9gimen cambiario especial para exportaciones, al que denominaron \u201cD\u00f3lar Exportador II\u201d.<\/p>\n\n\n\n<p>De acuerdo con lo establecido a partir del 13 de diciembre por el\u00a0<strong>gobierno de Milei,\u00a0<\/strong>adem\u00e1s de llevar el tipo de cambio oficial de $360 a $800 por d\u00f3lar, se facilita a la exportaci\u00f3n liquidar el 80% de las operaciones resultantes del comercio exterior v\u00eda Mercado \u00danico y Libre de Cambios (MULC) y el 20% restante al CCL.<\/p>\n\n\n\n<p>En los primeros dos d\u00edas de vigencia del nuevo \u201cd\u00f3lar exportador\u201d, se comercializaron en el mercado dom\u00e9stico unas&nbsp;<strong>54.830 toneladas finales de soja, 142.567 de trigo, 109.907 de ma\u00edz, 4.861 de girasol, 86 de sorgo y 29.479 de cebada.<\/strong><\/p>\n\n\n\n<p>Si bien el d\u00eda 13 de diciembre el registro de operaciones de venta al exterior permaneci\u00f3 cerrado, el d\u00eda 14 se rehabilit\u00f3 anotando 51.000 toneladas de subproductos de soja, 12.028 de harina de trigo, 8.000 de subproductos de trigo, 250.000 de ma\u00edz, 629 de semillas de girasol, 80.000 de cebada forrajera y 300 de malta.<\/p>\n","protected":false},"excerpt":{"rendered":"<p>La Bolsa de Comercio de Rosario analiz\u00f3 los diversos esquemas cambiarios que rigieron sobre las exportaciones del campo durante este a\u00f1o, incluido el que implementa el nuevo gobierno de Javier&hellip; <\/p>\n","protected":false},"author":8,"featured_media":112246,"comment_status":"closed","ping_status":"open","sticky":false,"template":"","format":"standard","meta":{"footnotes":""},"categories":[20],"tags":[],"class_list":["post-112245","post","type-post","status-publish","format-standard","has-post-thumbnail","hentry","category-economia"],"_links":{"self":[{"href":"https:\/\/corrientesdetarde.com\/index.php\/wp-json\/wp\/v2\/posts\/112245","targetHints":{"allow":["GET"]}}],"collection":[{"href":"https:\/\/corrientesdetarde.com\/index.php\/wp-json\/wp\/v2\/posts"}],"about":[{"href":"https:\/\/corrientesdetarde.com\/index.php\/wp-json\/wp\/v2\/types\/post"}],"author":[{"embeddable":true,"href":"https:\/\/corrientesdetarde.com\/index.php\/wp-json\/wp\/v2\/users\/8"}],"replies":[{"embeddable":true,"href":"https:\/\/corrientesdetarde.com\/index.php\/wp-json\/wp\/v2\/comments?post=112245"}],"version-history":[{"count":1,"href":"https:\/\/corrientesdetarde.com\/index.php\/wp-json\/wp\/v2\/posts\/112245\/revisions"}],"predecessor-version":[{"id":112247,"href":"https:\/\/corrientesdetarde.com\/index.php\/wp-json\/wp\/v2\/posts\/112245\/revisions\/112247"}],"wp:featuredmedia":[{"embeddable":true,"href":"https:\/\/corrientesdetarde.com\/index.php\/wp-json\/wp\/v2\/media\/112246"}],"wp:attachment":[{"href":"https:\/\/corrientesdetarde.com\/index.php\/wp-json\/wp\/v2\/media?parent=112245"}],"wp:term":[{"taxonomy":"category","embeddable":true,"href":"https:\/\/corrientesdetarde.com\/index.php\/wp-json\/wp\/v2\/categories?post=112245"},{"taxonomy":"post_tag","embeddable":true,"href":"https:\/\/corrientesdetarde.com\/index.php\/wp-json\/wp\/v2\/tags?post=112245"}],"curies":[{"name":"wp","href":"https:\/\/api.w.org\/{rel}","templated":true}]}}