{"id":112288,"date":"2023-12-20T17:06:27","date_gmt":"2023-12-20T20:06:27","guid":{"rendered":"https:\/\/corrientesdetarde.com\/?p=112288"},"modified":"2023-12-20T17:09:34","modified_gmt":"2023-12-20T20:09:34","slug":"como-hace-catorce-anos-habra-verano-popular-en-2024","status":"publish","type":"post","link":"https:\/\/corrientesdetarde.com\/index.php\/actualidad\/como-hace-catorce-anos-habra-verano-popular-en-2024\/","title":{"rendered":"\u201cComo hace catorce a\u00f1os, habr\u00e1 verano popular en 2024\u201d"},"content":{"rendered":"\n<p>El Partido Popular anunci\u00f3 este mediod\u00eda, la realizaci\u00f3n de la colonia de vacaciones, que tendr\u00e1 como fecha de inicio el 15 de enero y se desarrollar\u00e1 hasta la primera semana de febrero, en el Barrio 17 de agosto de nuestra ciudad.<br>A\u00f1o a a\u00f1o crece la cantidad de participantes, que en ediciones anteriores llegaron a m\u00e1s de 200 ni\u00f1os por d\u00eda, a los que hay que sumar los adultos mayores de los diferentes barrios.<br>El Presidente del Comit\u00e9 capital, Juan Enrique Braillard Poccard, acompa\u00f1ado de gran parte de la mesa directiva y presidentes de los distintos circuitos electorales, brind\u00f3 precisiones sobre la colonia, que se va a desarrollar \u201c5 d\u00edas por la ma\u00f1ana, para chicos, 3 veces por semana, durante la siesta para adultos mayores. Habr\u00e1 pileta en la quinta &#8220;tradicional&#8221; ubicada en el Barrio 17 de agosto, as\u00ed como tambi\u00e9n actividades deportivas, juegos y asistencia m\u00e9dica\u201d, inform\u00f3.<br>La colonia es el proyecto de verano de muchas familias, por eso, m\u00e1s all\u00e1 de las circunstancias por las que atraviesa el pa\u00eds, el Partido Popular, presidido por Pedro Braillard Poccard, decidi\u00f3 mantenerla.<br>\u201cCuando empezamos con esta propuesta no nos imaginamos que \u00edbamos a llegar hasta ac\u00e1, son trece a\u00f1os y vamos a seguir, porque va m\u00e1s all\u00e1 de las actividades partidarias, este es un proyecto social\u201d, expresaron los organizadores.<br>Las inscripciones se pueden realizar hasta el mismo 15 de enero en las redes del Partido Popular. IG @partidopopularppc.<br>En el lanzamiento, acompa\u00f1aron al presidente del Comit\u00e9 Capital, referentes del PP como el Ministro de Justicia y Derechos Humanos, Juan Jos\u00e9 L\u00f3pez Desimoni, la Diputada provincial Albana Rotela, el Subsecretario de Asuntos Municipales, Javier S\u00e1ez, la concejal Melisa Mecca, el Subsecretario de Seguridad Ciudadana de la provincia, Jorge Ben\u00edtez S\u00edvori, secretario del Vicegobernador, Alejandro L\u00f3pez Desimoni, entre otros.<\/p>\n\n\n\n<figure class=\"wp-block-image size-large\"><img loading=\"lazy\" decoding=\"async\" width=\"683\" height=\"1024\" src=\"https:\/\/corrientesdetarde.com\/wp-content\/uploads\/2023\/12\/WhatsApp-Image-2023-12-20-at-16.55.36-683x1024.jpeg\" alt=\"\" class=\"wp-image-112289\" srcset=\"https:\/\/corrientesdetarde.com\/wp-content\/uploads\/2023\/12\/WhatsApp-Image-2023-12-20-at-16.55.36-683x1024.jpeg 683w, https:\/\/corrientesdetarde.com\/wp-content\/uploads\/2023\/12\/WhatsApp-Image-2023-12-20-at-16.55.36-200x300.jpeg 200w, https:\/\/corrientesdetarde.com\/wp-content\/uploads\/2023\/12\/WhatsApp-Image-2023-12-20-at-16.55.36-768x1152.jpeg 768w, https:\/\/corrientesdetarde.com\/wp-content\/uploads\/2023\/12\/WhatsApp-Image-2023-12-20-at-16.55.36-1024x1536.jpeg 1024w, https:\/\/corrientesdetarde.com\/wp-content\/uploads\/2023\/12\/WhatsApp-Image-2023-12-20-at-16.55.36.jpeg 1066w\" sizes=\"auto, (max-width: 683px) 100vw, 683px\" \/><\/figure>\n\n\n\n<figure class=\"wp-block-image size-large\"><img loading=\"lazy\" decoding=\"async\" width=\"1024\" height=\"683\" src=\"https:\/\/corrientesdetarde.com\/wp-content\/uploads\/2023\/12\/WhatsApp-Image-2023-12-20-at-16.55.37-2-1024x683.jpeg\" alt=\"\" class=\"wp-image-112290\" srcset=\"https:\/\/corrientesdetarde.com\/wp-content\/uploads\/2023\/12\/WhatsApp-Image-2023-12-20-at-16.55.37-2-1024x683.jpeg 1024w, https:\/\/corrientesdetarde.com\/wp-content\/uploads\/2023\/12\/WhatsApp-Image-2023-12-20-at-16.55.37-2-300x200.jpeg 300w, https:\/\/corrientesdetarde.com\/wp-content\/uploads\/2023\/12\/WhatsApp-Image-2023-12-20-at-16.55.37-2-768x512.jpeg 768w, https:\/\/corrientesdetarde.com\/wp-content\/uploads\/2023\/12\/WhatsApp-Image-2023-12-20-at-16.55.37-2-1536x1024.jpeg 1536w, https:\/\/corrientesdetarde.com\/wp-content\/uploads\/2023\/12\/WhatsApp-Image-2023-12-20-at-16.55.37-2.jpeg 1599w\" sizes=\"auto, (max-width: 1024px) 100vw, 1024px\" \/><\/figure>\n\n\n\n<figure class=\"wp-block-image size-large\"><img loading=\"lazy\" decoding=\"async\" width=\"1024\" height=\"683\" src=\"https:\/\/corrientesdetarde.com\/wp-content\/uploads\/2023\/12\/WhatsApp-Image-2023-12-20-at-16.55.37-1-1024x683.jpeg\" alt=\"\" class=\"wp-image-112292\" srcset=\"https:\/\/corrientesdetarde.com\/wp-content\/uploads\/2023\/12\/WhatsApp-Image-2023-12-20-at-16.55.37-1-1024x683.jpeg 1024w, https:\/\/corrientesdetarde.com\/wp-content\/uploads\/2023\/12\/WhatsApp-Image-2023-12-20-at-16.55.37-1-300x200.jpeg 300w, https:\/\/corrientesdetarde.com\/wp-content\/uploads\/2023\/12\/WhatsApp-Image-2023-12-20-at-16.55.37-1-768x512.jpeg 768w, https:\/\/corrientesdetarde.com\/wp-content\/uploads\/2023\/12\/WhatsApp-Image-2023-12-20-at-16.55.37-1-1536x1024.jpeg 1536w, https:\/\/corrientesdetarde.com\/wp-content\/uploads\/2023\/12\/WhatsApp-Image-2023-12-20-at-16.55.37-1.jpeg 1599w\" sizes=\"auto, (max-width: 1024px) 100vw, 1024px\" \/><\/figure>\n\n\n\n<figure class=\"wp-block-image size-large\"><img loading=\"lazy\" decoding=\"async\" width=\"1024\" height=\"683\" src=\"https:\/\/corrientesdetarde.com\/wp-content\/uploads\/2023\/12\/WhatsApp-Image-2023-12-20-at-16.55.37-3-1024x683.jpeg\" alt=\"\" class=\"wp-image-112295\" srcset=\"https:\/\/corrientesdetarde.com\/wp-content\/uploads\/2023\/12\/WhatsApp-Image-2023-12-20-at-16.55.37-3-1024x683.jpeg 1024w, https:\/\/corrientesdetarde.com\/wp-content\/uploads\/2023\/12\/WhatsApp-Image-2023-12-20-at-16.55.37-3-300x200.jpeg 300w, https:\/\/corrientesdetarde.com\/wp-content\/uploads\/2023\/12\/WhatsApp-Image-2023-12-20-at-16.55.37-3-768x512.jpeg 768w, https:\/\/corrientesdetarde.com\/wp-content\/uploads\/2023\/12\/WhatsApp-Image-2023-12-20-at-16.55.37-3-1536x1024.jpeg 1536w, https:\/\/corrientesdetarde.com\/wp-content\/uploads\/2023\/12\/WhatsApp-Image-2023-12-20-at-16.55.37-3.jpeg 1599w\" sizes=\"auto, (max-width: 1024px) 100vw, 1024px\" \/><\/figure>\n","protected":false},"excerpt":{"rendered":"<p>El Partido Popular anunci\u00f3 este mediod\u00eda, la realizaci\u00f3n de la colonia de vacaciones, que tendr\u00e1 como fecha de inicio el 15 de enero y se desarrollar\u00e1 hasta la primera semana&hellip; <\/p>\n","protected":false},"author":8,"featured_media":112294,"comment_status":"closed","ping_status":"open","sticky":false,"template":"","format":"standard","meta":{"footnotes":""},"categories":[23],"tags":[],"class_list":["post-112288","post","type-post","status-publish","format-standard","has-post-thumbnail","hentry","category-actualidad"],"_links":{"self":[{"href":"https:\/\/corrientesdetarde.com\/index.php\/wp-json\/wp\/v2\/posts\/112288","targetHints":{"allow":["GET"]}}],"collection":[{"href":"https:\/\/corrientesdetarde.com\/index.php\/wp-json\/wp\/v2\/posts"}],"about":[{"href":"https:\/\/corrientesdetarde.com\/index.php\/wp-json\/wp\/v2\/types\/post"}],"author":[{"embeddable":true,"href":"https:\/\/corrientesdetarde.com\/index.php\/wp-json\/wp\/v2\/users\/8"}],"replies":[{"embeddable":true,"href":"https:\/\/corrientesdetarde.com\/index.php\/wp-json\/wp\/v2\/comments?post=112288"}],"version-history":[{"count":2,"href":"https:\/\/corrientesdetarde.com\/index.php\/wp-json\/wp\/v2\/posts\/112288\/revisions"}],"predecessor-version":[{"id":112297,"href":"https:\/\/corrientesdetarde.com\/index.php\/wp-json\/wp\/v2\/posts\/112288\/revisions\/112297"}],"wp:featuredmedia":[{"embeddable":true,"href":"https:\/\/corrientesdetarde.com\/index.php\/wp-json\/wp\/v2\/media\/112294"}],"wp:attachment":[{"href":"https:\/\/corrientesdetarde.com\/index.php\/wp-json\/wp\/v2\/media?parent=112288"}],"wp:term":[{"taxonomy":"category","embeddable":true,"href":"https:\/\/corrientesdetarde.com\/index.php\/wp-json\/wp\/v2\/categories?post=112288"},{"taxonomy":"post_tag","embeddable":true,"href":"https:\/\/corrientesdetarde.com\/index.php\/wp-json\/wp\/v2\/tags?post=112288"}],"curies":[{"name":"wp","href":"https:\/\/api.w.org\/{rel}","templated":true}]}}