{"id":112331,"date":"2023-12-20T17:45:24","date_gmt":"2023-12-20T20:45:24","guid":{"rendered":"https:\/\/corrientesdetarde.com\/?p=112331"},"modified":"2023-12-20T17:45:35","modified_gmt":"2023-12-20T20:45:35","slug":"que-pasa-con-los-planes-sociales-de-los-que-asistan-a-la-marcha-piquetera","status":"publish","type":"post","link":"https:\/\/corrientesdetarde.com\/index.php\/economia\/que-pasa-con-los-planes-sociales-de-los-que-asistan-a-la-marcha-piquetera\/","title":{"rendered":"Que pasa con los planes sociales de los que asistan a la marcha piquetera"},"content":{"rendered":"\n<p>La ministra de Seguridad, Patricia Bullrich, detall\u00f3 cu\u00e1les son las condiciones para que los beneficiarios no pierdan los planes sociales.<\/p>\n\n\n\n<p>En el marco de la primera\u00a0marcha piquetera de la era de Javier Milei como presidente este mi\u00e9rcoles 20 de diciembre, crece la incertidumbre sobre qu\u00e9 pasar\u00e1 con los<strong>\u00a0planes sociales<\/strong>\u00a0de aquellas personas que asistan a manifestarse.<\/p>\n\n\n\n<p>La ministra de Seguridad,\u00a0<strong>Patricia Bullrich<\/strong>, revel\u00f3 en di\u00e1logo  cu\u00e1les son las condiciones para que las personas no pierdan el Potenciar Trabajo. \u201cSi se quedan en la cooperativa de trabajo, en el comedor en el que trabajan o cuidando a su familia,\u00a0<strong>el plan Potenciar Trabajo lo van a tener<\/strong>. Si cortan la calle y aceptan que tienen un jefe que los obliga a ir a la manifestaci\u00f3n, van a perder el plan.\u00a0<strong>Si tocan la calle, van a perder el plan.<\/strong>\u00a0Esto es sin vuelta atr\u00e1s\u201d.<\/p>\n\n\n\n<figure class=\"wp-block-image\"><img decoding=\"async\" src=\"https:\/\/tn.com.ar\/resizer\/Y_z-HDdHHYyDzvUaa3FeRDwANGg=\/767x0\/smart\/filters:format(webp)\/cloudfront-us-east-1.images.arcpublishing.com\/artear\/YKFQ3CL77NE47NXWO6XWTCUG6M\" alt=\"Patricia Bullrich present\u00f3 las bases del acuerdo program\u00e1tico con Javier Milei. (Foto: REUTERS\/Matias Baglietto).\"\/><\/figure>\n\n\n\n<p>En este sentido, Bullrich precis\u00f3 que muchas<strong>&nbsp;recibieron m\u00e1s de 5000 denuncias en el n\u00famero 134&nbsp;<\/strong>que puso a disposici\u00f3n el Ministerio de Seguridad para que los beneficiarios de los planes sociales denuncien en caso de sentirse amenazados u obligados a ir a la movilizaci\u00f3n.<\/p>\n\n\n\n<figure class=\"wp-block-image\"><img decoding=\"async\" src=\"https:\/\/tn.com.ar\/resizer\/SPmm9dRBeFJLPG0Ms5pAf1_Yq5k=\/767x0\/smart\/filters:format(webp)\/cloudfront-us-east-1.images.arcpublishing.com\/artear\/DMTV3WF74RB5NAXFO63EP5W52Y.jpg\" alt=\"Los carteles que empezaron a circular en Constituci\u00f3n. (Foto: X @madorni)\"\/><\/figure>\n\n\n\n<p>A su vez, afirm\u00f3 que muchas demandas que recibieron detallaron el nombre y apellido del dirigente o l\u00edder piquetero que los oblig\u00f3 a\u00a0movilizarse este mi\u00e9rcoles y aclar\u00f3 que la situaci\u00f3n se produce en distintos puntos del pa\u00eds y no solo en la Ciudad de Buenos Aires. \u201cHay much\u00edsimas denuncias que\u00a0<strong>tienen identificado al l\u00edder barrial o piquetero que los obliga a ir\u201d.<\/strong><\/p>\n\n\n\n<p>La funcionaria denunci\u00f3 \u201cun sistema de organizaci\u00f3n paralela al estado\u201d y dio detalles sobre c\u00f3mo funcionar\u00eda: \u201cTenemos muchas denuncias sobre l\u00edderes piqueteros que le cobran<strong>&nbsp;$7000 de multa al que no va a la marcha,<\/strong>&nbsp;es un estado paralelo. Un estado que le cobra una parte de ese dinero por no cumplir con la obligaci\u00f3n que la misma organizaci\u00f3n le da\u201d.<\/p>\n","protected":false},"excerpt":{"rendered":"<p>La ministra de Seguridad, Patricia Bullrich, detall\u00f3 cu\u00e1les son las condiciones para que los beneficiarios no pierdan los planes sociales. En el marco de la primera\u00a0marcha piquetera de la era&hellip; <\/p>\n","protected":false},"author":8,"featured_media":112332,"comment_status":"closed","ping_status":"open","sticky":false,"template":"","format":"standard","meta":{"footnotes":""},"categories":[20],"tags":[],"class_list":["post-112331","post","type-post","status-publish","format-standard","has-post-thumbnail","hentry","category-economia"],"_links":{"self":[{"href":"https:\/\/corrientesdetarde.com\/index.php\/wp-json\/wp\/v2\/posts\/112331","targetHints":{"allow":["GET"]}}],"collection":[{"href":"https:\/\/corrientesdetarde.com\/index.php\/wp-json\/wp\/v2\/posts"}],"about":[{"href":"https:\/\/corrientesdetarde.com\/index.php\/wp-json\/wp\/v2\/types\/post"}],"author":[{"embeddable":true,"href":"https:\/\/corrientesdetarde.com\/index.php\/wp-json\/wp\/v2\/users\/8"}],"replies":[{"embeddable":true,"href":"https:\/\/corrientesdetarde.com\/index.php\/wp-json\/wp\/v2\/comments?post=112331"}],"version-history":[{"count":1,"href":"https:\/\/corrientesdetarde.com\/index.php\/wp-json\/wp\/v2\/posts\/112331\/revisions"}],"predecessor-version":[{"id":112333,"href":"https:\/\/corrientesdetarde.com\/index.php\/wp-json\/wp\/v2\/posts\/112331\/revisions\/112333"}],"wp:featuredmedia":[{"embeddable":true,"href":"https:\/\/corrientesdetarde.com\/index.php\/wp-json\/wp\/v2\/media\/112332"}],"wp:attachment":[{"href":"https:\/\/corrientesdetarde.com\/index.php\/wp-json\/wp\/v2\/media?parent=112331"}],"wp:term":[{"taxonomy":"category","embeddable":true,"href":"https:\/\/corrientesdetarde.com\/index.php\/wp-json\/wp\/v2\/categories?post=112331"},{"taxonomy":"post_tag","embeddable":true,"href":"https:\/\/corrientesdetarde.com\/index.php\/wp-json\/wp\/v2\/tags?post=112331"}],"curies":[{"name":"wp","href":"https:\/\/api.w.org\/{rel}","templated":true}]}}