{"id":112334,"date":"2023-12-20T17:48:46","date_gmt":"2023-12-20T20:48:46","guid":{"rendered":"https:\/\/corrientesdetarde.com\/?p=112334"},"modified":"2023-12-20T17:48:59","modified_gmt":"2023-12-20T20:48:59","slug":"desconocidos-vandalizaron-la-fachada-de-la-embajada-argentina-en-chile-y-dejaron-una-amenaza-contra-milei","status":"publish","type":"post","link":"https:\/\/corrientesdetarde.com\/index.php\/informacion-general\/desconocidos-vandalizaron-la-fachada-de-la-embajada-argentina-en-chile-y-dejaron-una-amenaza-contra-milei\/","title":{"rendered":"Desconocidos vandalizaron la fachada de la embajada argentina en Chile y dejaron una amenaza contra Milei"},"content":{"rendered":"\n<p>La sede diplom\u00e1tica amaneci\u00f3 con consignas contra el gobierno argentino. Adem\u00e1s, atacaron la puerta con bombas de pintura.<\/p>\n\n\n\n<p>La fachada de la embajada de Argentina en Santiago de Chile fue vandalizada con pintura durante la madrugada de este mi\u00e9rcoles. El ataque se produjo horas antes de\u00a0la primera marcha piquetera <strong>\u00a0organizada en Buenos Aires durante el gobierno de Javier Milei.<\/strong><\/p>\n\n\n\n<p>La puerta de entrada de la delegaci\u00f3n diplom\u00e1tica fue manchada con pintura negra y en la pared se escribi\u00f3: \u201cDe Santiago a Buenos Aires, a 22 a\u00f1os, sigue la lucha. Fuera Miley (sic)\u201d, report\u00f3\u00a0<em>AFP<\/em>.<\/p>\n\n\n\n<p>Se lanzaron tambi\u00e9n panfletos en los que se lee: \u201cGobierne quien gobierne, el pueblo siempre pierde\u201d.<\/p>\n\n\n\n<h2 class=\"wp-block-heading\">\u201cNo tuvimos amenazas previas\u201d<\/h2>\n\n\n\n<p><strong>Javier Lareo<\/strong>, encargado de negocios argentino, afirm\u00f3 que el ataque no caus\u00f3 mayores da\u00f1os al interior del inmueble, pero lament\u00f3 que fuera afectado un edificio patrimonial del centro de Santiago.<\/p>\n\n\n\n<p>\u201cNo tuvimos amenazas previas. Para nosotros fue una sorpresa\u201d, dijo Lareo, a la prensa.<\/p>\n\n\n\n<figure class=\"wp-block-image\"><img decoding=\"async\" src=\"https:\/\/tn.com.ar\/resizer\/5_2NrusO1FbUX7NgH_ymJC321Xg=\/767x0\/smart\/filters:format(webp)\/cloudfront-us-east-1.images.arcpublishing.com\/artear\/HULK5OP4AFEIHAT2IRSGFA4DSU.jpg\" alt=\"La sede diplom\u00e1tica argentina en Santiago amaneci\u00f3 con pintadas (Foto: cortes\u00eda Emol)\"\/><\/figure>\n\n\n\n<p>Argentina conmemora en estos d\u00edas el 22\u00ba aniversario de las protestas del 19 y 20 de diciembre en 2001, a\u00f1o de la peor crisis econ\u00f3mica, social y pol\u00edtica que ha vivido el pa\u00eds en las \u00faltimas d\u00e9cadas. El estallido deriv\u00f3 en una dura represi\u00f3n que provoc\u00f3 39 muertos y termin\u00f3 con la renuncia del entonces presidente Fernando de la R\u00faa.<\/p>\n\n\n\n<p>El ejecutivo entrante argentino no ha designado a\u00fan un nuevo embajador en Chile tras la renuncia de Rafael Bielsa el 10 de diciembre pasado.<\/p>\n","protected":false},"excerpt":{"rendered":"<p>La sede diplom\u00e1tica amaneci\u00f3 con consignas contra el gobierno argentino. Adem\u00e1s, atacaron la puerta con bombas de pintura. La fachada de la embajada de Argentina en Santiago de Chile fue&hellip; <\/p>\n","protected":false},"author":8,"featured_media":112335,"comment_status":"closed","ping_status":"open","sticky":false,"template":"","format":"standard","meta":{"footnotes":""},"categories":[1],"tags":[],"class_list":["post-112334","post","type-post","status-publish","format-standard","has-post-thumbnail","hentry","category-informacion-general"],"_links":{"self":[{"href":"https:\/\/corrientesdetarde.com\/index.php\/wp-json\/wp\/v2\/posts\/112334","targetHints":{"allow":["GET"]}}],"collection":[{"href":"https:\/\/corrientesdetarde.com\/index.php\/wp-json\/wp\/v2\/posts"}],"about":[{"href":"https:\/\/corrientesdetarde.com\/index.php\/wp-json\/wp\/v2\/types\/post"}],"author":[{"embeddable":true,"href":"https:\/\/corrientesdetarde.com\/index.php\/wp-json\/wp\/v2\/users\/8"}],"replies":[{"embeddable":true,"href":"https:\/\/corrientesdetarde.com\/index.php\/wp-json\/wp\/v2\/comments?post=112334"}],"version-history":[{"count":1,"href":"https:\/\/corrientesdetarde.com\/index.php\/wp-json\/wp\/v2\/posts\/112334\/revisions"}],"predecessor-version":[{"id":112336,"href":"https:\/\/corrientesdetarde.com\/index.php\/wp-json\/wp\/v2\/posts\/112334\/revisions\/112336"}],"wp:featuredmedia":[{"embeddable":true,"href":"https:\/\/corrientesdetarde.com\/index.php\/wp-json\/wp\/v2\/media\/112335"}],"wp:attachment":[{"href":"https:\/\/corrientesdetarde.com\/index.php\/wp-json\/wp\/v2\/media?parent=112334"}],"wp:term":[{"taxonomy":"category","embeddable":true,"href":"https:\/\/corrientesdetarde.com\/index.php\/wp-json\/wp\/v2\/categories?post=112334"},{"taxonomy":"post_tag","embeddable":true,"href":"https:\/\/corrientesdetarde.com\/index.php\/wp-json\/wp\/v2\/tags?post=112334"}],"curies":[{"name":"wp","href":"https:\/\/api.w.org\/{rel}","templated":true}]}}