{"id":112392,"date":"2023-12-20T21:43:20","date_gmt":"2023-12-21T00:43:20","guid":{"rendered":"https:\/\/corrientesdetarde.com\/?p=112392"},"modified":"2023-12-20T21:52:31","modified_gmt":"2023-12-21T00:52:31","slug":"belliboni-agredio-a-un-periodista-de-tn-antes-de-la-marcha-piquetera","status":"publish","type":"post","link":"https:\/\/corrientesdetarde.com\/index.php\/sociales\/belliboni-agredio-a-un-periodista-de-tn-antes-de-la-marcha-piquetera\/","title":{"rendered":"Belliboni agredi\u00f3 a un periodista de TN antes de la marcha piquetera"},"content":{"rendered":"\n<p>Le golpe\u00f3 el micr\u00f3fono y grit\u00f3 &#8220;te van a echar, gil de lecher\u00eda&#8221;, aunque luego pidi\u00f3 disculpas.<\/p>\n\n\n\n<p>El l\u00edder del Polo Obrero,<strong>&nbsp;Eduardo Belliboni<\/strong>,<strong>&nbsp;agredi\u00f3 hoy a un periodista de canal de televisi\u00f3n Todo Noticias (TN) durante una entrevista<\/strong>&nbsp;en la estaci\u00f3n de trenes de Plaza Constituci\u00f3n antes del comienzo de la marcha piquetera en la ciudad de Buenos Aires, aunque luego se disculp\u00f3 con el trabajador de prensa:&nbsp;<strong>&#8220;Me pas\u00e9 de la raya&#8221;<\/strong>, admiti\u00f3.<\/p>\n\n\n\n<p>Al ser abordado por el periodismo en esa terminal ferroviaria, Belliboni, junto al legislador porte\u00f1o de izquierda&nbsp;<strong>Gabriel Solano<\/strong>, se disgust\u00f3 en medio de un intercambio de comentarios con&nbsp;el reportero de TN Alan Ferraro, a quien calific\u00f3 como &#8220;bobo&#8221; y &#8220;gil de lecher\u00eda&#8221;, antes de pedirle disculpas.&nbsp;<\/p>\n\n\n\n<p><strong>&#8220;A vos te van a echar, gil&#8221;<\/strong>, increp\u00f3 Belliboni al cronista, que previamente hab\u00eda enfatizado que el dirigente social hab\u00eda estado &#8220;tirando piedras contra un Gobierno democr\u00e1tico&#8221;, despu\u00e9s de que el l\u00edder del PO comentara que la marcha de este mi\u00e9rcoles iba a ser pac\u00edfica, como ocurri\u00f3 en definitiva.\u00a0<\/p>\n\n\n\n<figure class=\"wp-block-embed is-type-video is-provider-youtube wp-block-embed-youtube wp-embed-aspect-16-9 wp-has-aspect-ratio\"><div class=\"wp-block-embed__wrapper\">\n<iframe loading=\"lazy\" title=\"\u201cA vos te van a echar, bobo\u201d: BELLIBONI AGREDI\u00d3 AL PERIODISTA DE ELTRECE Y TN, ALAN FERRARO\" width=\"1110\" height=\"624\" src=\"https:\/\/www.youtube.com\/embed\/I3LXuUYEUn8?feature=oembed\" frameborder=\"0\" allow=\"accelerometer; autoplay; clipboard-write; encrypted-media; gyroscope; picture-in-picture; web-share\" allowfullscreen><\/iframe>\n<\/div><\/figure>\n\n\n\n<p><strong>&#8220;Tom\u00e1telas, bobo&#8221;<\/strong>, espet\u00f3 Belliboni, quien tambi\u00e9n tild\u00f3 a Ferraro de ser un&nbsp;<strong>&#8220;gil de lecher\u00eda&#8221;<\/strong>&nbsp;y le baj\u00f3 el micr\u00f3fono de un manotazo. Luego, sali\u00f3 p\u00fablicamente a pedirle disculpas: &#8220;Me pas\u00e9&nbsp;de la raya&#8221;, admiti\u00f3.<\/p>\n\n\n\n<p>Asimismo, indic\u00f3: &#8220;Estaba en un momento dif\u00edcil, hoy me habl\u00f3 mi hija desesperada porque le hab\u00edan dicho que yo estaba internado&#8221;. &#8220;Se descompens\u00f3&#8221;, a\u00f1adi\u00f3.<\/p>\n\n\n\n<p><strong>&#8220;Te pido mil disculpas, en serio, vos sos un laburante y te pido disculpas&#8221;,<\/strong>&nbsp;agreg\u00f3 Belliboni en un breve di\u00e1logo con el periodista de TN luego de su anterior pirotecnia verbal. &#8220;Asunto&nbsp;terminado para m\u00ed&#8221;, acot\u00f3 m\u00e1s tarde, luego de la marcha piquetera, al ser consultado al respecto por otro canal de TV.<\/p>\n\n\n\n<p>En Plaza Constituci\u00f3n, Belliboni tambi\u00e9n desaf\u00edo a la ministra de Seguridad, Patricia Bullrich, que d\u00edas atr\u00e1s lanz\u00f3 un protocolo &#8220;antipiquetes&#8221; en busca de evitar el bloqueo de calles en el marco&nbsp;<br>de una protesta social.<\/p>\n\n\n\n<p><strong>&#8220;Vamos a marchar hacia Plaza de Mayo por la calle, Patricia Bullrich&#8221;<\/strong>, enfatiz\u00f3 el l\u00edder del PO:&nbsp;<strong>&#8220;Las movilizaciones de m\u00e1s de 5000 personas se hacen por la calle&#8221;<\/strong>, remarc\u00f3.<\/p>\n\n\n\n<p>&nbsp;&#8220;\u00bfUsted cree que los trabajadores no saben lo que iba a hacer este Gobierno que gan\u00f3 por amplia mayor\u00eda?&#8221;, le pregunt\u00f3 en ese momento el periodista de TN y agreg\u00f3 que el presidente Milei anunci\u00f3 su plan en la campa\u00f1a electoral.&nbsp;<strong>&#8220;Dijeron que el ajuste lo iba a pagar la casta, pero la casta est\u00e1 en el Gobierno y el ajuste lo va a pagar el pueblo&#8221;<\/strong>, respondi\u00f3 Belliboni.<\/p>\n\n\n\n<p>Entonces, Solano se refiri\u00f3 a los probables aumentos de las tarifas del transporte p\u00fablico en el \u00c1rea Metropolitana de Buenos Aires, cuando Ferraro remarc\u00f3 que los trabajadores de C\u00f3rdoba&nbsp;<br>pagan caro el boleto y &#8220;tampoco son la casta&#8221;.<\/p>\n\n\n\n<p>Esa frase termin\u00f3 de enfadar a Belliboni que lanz\u00f3: &#8220;\u00bfEntonces que tambi\u00e9n paguen caro los de ac\u00e1 tambi\u00e9n? Vos te tiras en todas contra la gente. La realidad no es que la gente pague m\u00e1s todav\u00eda ac\u00e1&#8221;, manifest\u00f3.<\/p>\n\n\n\n<p>El periodista a\u00f1adi\u00f3: &#8220;\u00bfSe hacen los sorprendidos ahora de la situaci\u00f3n?&#8221;, a lo que el l\u00edder del Polo Obrero respondi\u00f3:<strong>&nbsp;&#8220;No me hago el sorprendido, \u00bfno me viste en la calle con (Sergio) Massa?&#8221;<\/strong>, en referencia al ex candidato presidencial del oficialismo y ex ministro de Econom\u00eda.<\/p>\n\n\n\n<p>&#8220;Tambi\u00e9n lo vimos tirando piedras contra un Gobierno &nbsp;democr\u00e1tico&#8221;, sostuvo Ferraro, tras lo cual el dirigente lo increp\u00f3: &#8220;\u00bfVos ten\u00e9s una denuncia para hacer contra m\u00ed?, \u00bfqu\u00e9 te pasa pedazo de gil? Tom\u00e1telas. Vos sos un trabajador y te van a echar, bobo&#8221;, dijo Belliboni a los gritos, antes de bajarle el micr\u00f3fono al cronista de un manotazo.<\/p>\n","protected":false},"excerpt":{"rendered":"<p>Le golpe\u00f3 el micr\u00f3fono y grit\u00f3 &#8220;te van a echar, gil de lecher\u00eda&#8221;, aunque luego pidi\u00f3 disculpas. El l\u00edder del Polo Obrero,&nbsp;Eduardo Belliboni,&nbsp;agredi\u00f3 hoy a un periodista de canal de&hellip; <\/p>\n","protected":false},"author":4,"featured_media":112393,"comment_status":"closed","ping_status":"open","sticky":false,"template":"","format":"standard","meta":{"footnotes":""},"categories":[17],"tags":[],"class_list":["post-112392","post","type-post","status-publish","format-standard","has-post-thumbnail","hentry","category-sociales"],"_links":{"self":[{"href":"https:\/\/corrientesdetarde.com\/index.php\/wp-json\/wp\/v2\/posts\/112392","targetHints":{"allow":["GET"]}}],"collection":[{"href":"https:\/\/corrientesdetarde.com\/index.php\/wp-json\/wp\/v2\/posts"}],"about":[{"href":"https:\/\/corrientesdetarde.com\/index.php\/wp-json\/wp\/v2\/types\/post"}],"author":[{"embeddable":true,"href":"https:\/\/corrientesdetarde.com\/index.php\/wp-json\/wp\/v2\/users\/4"}],"replies":[{"embeddable":true,"href":"https:\/\/corrientesdetarde.com\/index.php\/wp-json\/wp\/v2\/comments?post=112392"}],"version-history":[{"count":2,"href":"https:\/\/corrientesdetarde.com\/index.php\/wp-json\/wp\/v2\/posts\/112392\/revisions"}],"predecessor-version":[{"id":112396,"href":"https:\/\/corrientesdetarde.com\/index.php\/wp-json\/wp\/v2\/posts\/112392\/revisions\/112396"}],"wp:featuredmedia":[{"embeddable":true,"href":"https:\/\/corrientesdetarde.com\/index.php\/wp-json\/wp\/v2\/media\/112393"}],"wp:attachment":[{"href":"https:\/\/corrientesdetarde.com\/index.php\/wp-json\/wp\/v2\/media?parent=112392"}],"wp:term":[{"taxonomy":"category","embeddable":true,"href":"https:\/\/corrientesdetarde.com\/index.php\/wp-json\/wp\/v2\/categories?post=112392"},{"taxonomy":"post_tag","embeddable":true,"href":"https:\/\/corrientesdetarde.com\/index.php\/wp-json\/wp\/v2\/tags?post=112392"}],"curies":[{"name":"wp","href":"https:\/\/api.w.org\/{rel}","templated":true}]}}