{"id":112466,"date":"2023-12-21T08:51:25","date_gmt":"2023-12-21T11:51:25","guid":{"rendered":"https:\/\/corrientesdetarde.com\/?p=112466"},"modified":"2023-12-21T08:51:59","modified_gmt":"2023-12-21T11:51:59","slug":"que-va-a-pasar-con-aerolineas-argentinas-segun-el-dnu-que-firmo-javier-milei","status":"publish","type":"post","link":"https:\/\/corrientesdetarde.com\/index.php\/informacion-general\/que-va-a-pasar-con-aerolineas-argentinas-segun-el-dnu-que-firmo-javier-milei\/","title":{"rendered":"Qu\u00e9 va a pasar con Aerol\u00edneas Argentinas seg\u00fan el DNU que firm\u00f3 Javier Milei"},"content":{"rendered":"\n<p>El\u00a0<strong>decreto de necesidad y urgencia (DNU)\u00a0<\/strong>que firm\u00f3\u00a0<strong>Javier Milei<\/strong>\u00a0y fue publicado en el Bolet\u00edn Oficial con el n\u00famero 70,cuenta con 366 art\u00edculos y establece una modificaci\u00f3n clave que cambia de ra\u00edz el funcionamiento de\u00a0<strong>Aerol\u00edneas Argentinas.<\/strong><\/p>\n\n\n\n<p>El DNU derog\u00f3 la normativa que impide la privatizaci\u00f3n de<strong>\u00a0las empresas p\u00fablicas<\/strong>, que tambi\u00e9n establece el r\u00e9gimen de Sociedades del Estado, por lo que todas las empresas que forman parte del Estado ser\u00e1n\u00a0<strong>transformadas en sociedades an\u00f3nimas para luego ser privatizadas.<\/strong><\/p>\n\n\n\n<p>De este modo, el decreto firmado por el Presidente y confeccionado por&nbsp;<strong>Federico Sturzenegger&nbsp;<\/strong>habilit\u00f3 la&nbsp;<strong>privatizaci\u00f3n de Aerol\u00edneas Argentinas&nbsp;<\/strong>mediante la entrega total o parcial del&nbsp;<strong>paquete accionario a sus propios empleados.<\/strong><\/p>\n\n\n\n<p>La nueva normativa modifica los art\u00edculos 4\u00b0 y 9\u00b0 de la Ley 26.412, votada por el Congreso en 2008, en la cual quedaba establecido que la empresa no pudiera ser nuevamente privatizada.<\/p>\n\n\n\n<p>A trav\u00e9s del&nbsp;<strong>Programa de Propiedad Participada<\/strong>, el DNU autoriza \u201cla cesi\u00f3n total o parcial de las acciones representativas del capital social a los trabajadores de las empresas Aerol\u00edneas Argentinas Sociedad An\u00f3nima y Austral L\u00edneas A\u00e9reas-Cielos del Sur Sociedad An\u00f3nima\u201d.<\/p>\n\n\n\n<figure class=\"wp-block-image\"><img decoding=\"async\" src=\"https:\/\/tn.com.ar\/resizer\/l_d91l8S-MFkbSfOpIPFEk4qcUQ=\/767x0\/smart\/filters:format(webp)\/cloudfront-us-east-1.images.arcpublishing.com\/artear\/TRI4QJX22ICR7OKMZ773MMKO5Q.jpg\" alt=\"Qu\u00e9 va a pasar con Aerol\u00edneas Argentinas seg\u00fan el DNU que firm\u00f3 Javier Milei. (Foto: Noticias Argentinas)\"\/><figcaption>Qu\u00e9 va a pasar con Aerol\u00edneas Argentinas seg\u00fan el DNU que firm\u00f3 Javier Milei. (Foto: Noticias Argentinas)<\/figcaption><\/figure>\n\n\n\n<p>El DNU que impulsa&nbsp;<strong>la desregulaci\u00f3n econ\u00f3mica&nbsp;<\/strong>modific\u00f3 dos leyes que rigen la aviaci\u00f3n comercial y abri\u00f3 la posibilidad de iniciar una pol\u00edtica de \u201ccielos abiertos\u201d en las que se habilita a cualquier aerol\u00ednea que \u201cdemuestre solvencia t\u00e9cnica y financiera\u201d.<\/p>\n\n\n\n<p>Las empresas estar\u00e1n habilitadas a<strong>&nbsp;explotar rutas dom\u00e9stica<\/strong>s, as\u00ed como para volar hacia y desde la Argentina en&nbsp;<strong>rutas internacionales&nbsp;<\/strong>y sin necesidad de tratados bilaterales con otros pa\u00eds.<\/p>\n\n\n\n<p>\u201cTodo lo que pueda estar en manos privadas<strong>&nbsp;quedar\u00e1 en el sector privado\u201d<\/strong>, hab\u00eda expresado el libertario en di\u00e1logo con&nbsp;<em>A Dos Voces<\/em>, por&nbsp;<strong>TN<\/strong>. Finalmente, en materia aerocomercial, Milei abog\u00f3 por una&nbsp;<strong>pol\u00edtica de \u201ccielos abiertos\u201d&nbsp;<\/strong>en la que m\u00e1s empresas compitan con Aerol\u00edneas Argentinas.<\/p>\n\n\n\n<p>Sobre la aerol\u00ednea de bandera, Milei anticip\u00f3 en campa\u00f1a que su idea era\u00a0<strong>\u201centreg\u00e1rsela a los empleados y que ellos mismos hagan la depuraci\u00f3n\u201d\u00a0<\/strong>y que la compa\u00f1\u00eda compita libremente.<\/p>\n\n\n\n<p>Seg\u00fan consider\u00f3 el actual Presidente en ese momento \u201cel personal de Aerol\u00edneas es muy calificado\u201d y \u201cel problema es la&nbsp;<strong>contaminaci\u00f3n pol\u00edtica<\/strong>\u201d.<\/p>\n\n\n\n<p>Al ser consultado sobre posibles aumentos de tarifas que impidan que la gente viaje, Milei afirm\u00f3 que<strong>&nbsp;volver\u00e1n las&nbsp;<\/strong><em><strong>low cost<\/strong><\/em>y \u201caparecer\u00e1n otras empresas\u201d.<\/p>\n\n\n\n<p><strong>\u201cEn todo el mundo funciona as\u00ed<\/strong>. Vas a Europa y viajar por Europa es un chiste. Vas a Estados Unidos y viajar adentro de Estados Unidos es un chiste\u201d, continu\u00f3.<\/p>\n","protected":false},"excerpt":{"rendered":"<p>El\u00a0decreto de necesidad y urgencia (DNU)\u00a0que firm\u00f3\u00a0Javier Milei\u00a0y fue publicado en el Bolet\u00edn Oficial con el n\u00famero 70,cuenta con 366 art\u00edculos y establece una modificaci\u00f3n clave que cambia de ra\u00edz&hellip; <\/p>\n","protected":false},"author":12,"featured_media":112476,"comment_status":"closed","ping_status":"open","sticky":false,"template":"","format":"standard","meta":{"footnotes":""},"categories":[1],"tags":[],"class_list":["post-112466","post","type-post","status-publish","format-standard","has-post-thumbnail","hentry","category-informacion-general"],"_links":{"self":[{"href":"https:\/\/corrientesdetarde.com\/index.php\/wp-json\/wp\/v2\/posts\/112466","targetHints":{"allow":["GET"]}}],"collection":[{"href":"https:\/\/corrientesdetarde.com\/index.php\/wp-json\/wp\/v2\/posts"}],"about":[{"href":"https:\/\/corrientesdetarde.com\/index.php\/wp-json\/wp\/v2\/types\/post"}],"author":[{"embeddable":true,"href":"https:\/\/corrientesdetarde.com\/index.php\/wp-json\/wp\/v2\/users\/12"}],"replies":[{"embeddable":true,"href":"https:\/\/corrientesdetarde.com\/index.php\/wp-json\/wp\/v2\/comments?post=112466"}],"version-history":[{"count":2,"href":"https:\/\/corrientesdetarde.com\/index.php\/wp-json\/wp\/v2\/posts\/112466\/revisions"}],"predecessor-version":[{"id":112481,"href":"https:\/\/corrientesdetarde.com\/index.php\/wp-json\/wp\/v2\/posts\/112466\/revisions\/112481"}],"wp:featuredmedia":[{"embeddable":true,"href":"https:\/\/corrientesdetarde.com\/index.php\/wp-json\/wp\/v2\/media\/112476"}],"wp:attachment":[{"href":"https:\/\/corrientesdetarde.com\/index.php\/wp-json\/wp\/v2\/media?parent=112466"}],"wp:term":[{"taxonomy":"category","embeddable":true,"href":"https:\/\/corrientesdetarde.com\/index.php\/wp-json\/wp\/v2\/categories?post=112466"},{"taxonomy":"post_tag","embeddable":true,"href":"https:\/\/corrientesdetarde.com\/index.php\/wp-json\/wp\/v2\/tags?post=112466"}],"curies":[{"name":"wp","href":"https:\/\/api.w.org\/{rel}","templated":true}]}}