{"id":112522,"date":"2023-12-21T10:51:38","date_gmt":"2023-12-21T13:51:38","guid":{"rendered":"https:\/\/corrientesdetarde.com\/?p=112522"},"modified":"2023-12-21T10:58:00","modified_gmt":"2023-12-21T13:58:00","slug":"milei-sacara-otro-dnu-para-aclarar-que-las-desregulaciones-rigen-desde-hoy","status":"publish","type":"post","link":"https:\/\/corrientesdetarde.com\/index.php\/politica\/milei-sacara-otro-dnu-para-aclarar-que-las-desregulaciones-rigen-desde-hoy\/","title":{"rendered":"Milei sacar\u00e1 otro DNU para aclarar que las desregulaciones rigen desde hoy"},"content":{"rendered":"\n<p>El\u00a0<strong>presidente Javier Milei prepara un nuevo DNU de car\u00e1cter\u00a0<\/strong>correctivo. El motivo: se olvid\u00f3 de establecer en el\u00a0<strong>Decreto de Necesidad y Urgencia<\/strong>\u00a0que la norma<strong>\u00a0rige desde hoy\u00a0<\/strong>mismo, seg\u00fan pudo saber\u00a0<strong>TN.<\/strong><\/p>\n\n\n\n<p>Es un contrasentido y un error, dado que el DNU es una norma de urgencia y siempre se dicta para que se ponga en marcha de manera inmediata.<\/p>\n\n\n\n<p>El C\u00f3digo Civil establece en el art\u00edculo 5 que las medidas rigen a partir de los ocho d\u00edas de su publicaci\u00f3n -desde 2 de enero-, salvo que la propia norma establezca otra cosa.<\/p>\n\n\n\n<p>Milei ya fue advertido por sus colaboradores y se espera que hoy mismo se publique un decreto para corregir la omisi\u00f3n.<\/p>\n\n\n\n<p>En cadena nacional, el mandatario anunci\u00f3 este mi\u00e9rcoles un&nbsp;<strong>paquete de medidas<\/strong>&nbsp;orientadas a implementar la&nbsp;<strong>desregulaci\u00f3n econ\u00f3mica y reforma del Estado.<\/strong><\/p>\n\n\n\n<p>La iniciativa barre con las leyes como la de Alquileres, de G\u00f3ndolas, Compra Nacional y Abastecimiento, entre otras. Tambi\u00e9n prev\u00e9 la privatizaci\u00f3n de empresas p\u00fablicas, la cesi\u00f3n del paquete accionario de Aerol\u00edneas, la llegada de las Sociedades An\u00f3nimas al f\u00fatbol y modificaciones en la medicina prepaga y las obras sociales.<\/p>\n\n\n\n<figure class=\"wp-block-image\"><img decoding=\"async\" src=\"https:\/\/tn.com.ar\/resizer\/oi8_tUjp1wTuAbs4AFSateB_DXY=\/767x0\/smart\/filters:format(webp)\/cloudfront-us-east-1.images.arcpublishing.com\/artear\/JVXYGH6TOJBASLQCI44MI3P2I4.jpg\" alt=\"A 10 d\u00edas del inicio de su Gobierno, Milei public\u00f3 un megadecreto para desregular la econom\u00eda y reformar el Estado. (Foto: Reuters \/ Agust\u00edn Marcarian)\"\/><figcaption>A 10 d\u00edas del inicio de su Gobierno, Milei public\u00f3 un megadecreto para desregular la econom\u00eda y reformar el Estado. (Foto: Reuters \/ Agust\u00edn Marcarian)Por:&nbsp;<strong>REUTERS<\/strong><\/figcaption><\/figure>\n\n\n\n<h2 class=\"wp-block-heading\">Los 30 puntos del DNU de Javier Milei sobre la desregulaci\u00f3n de la econom\u00eda<\/h2>\n\n\n\n<ul class=\"wp-block-list\"><li>Derogaci\u00f3n de la\u00a0<strong>Ley de Alquileres<\/strong>: para que el mercado inmobiliario vuelva a funcionar sin problemas y que alquilar no sea una odisea.<\/li><li>Derogaci\u00f3n de la\u00a0<strong>Ley de Abastecimiento<\/strong>\u00a0para que el Estado nunca m\u00e1s atente contra el derecho de propiedad de los individuos.<\/li><li>Derogaci\u00f3n de la\u00a0<strong>Ley de G\u00f3ndolas\u00a0<\/strong>para que el Estado deje de meterse en las decisiones de los comerciantes argentinos.<\/li><li>Derogaci\u00f3n de la\u00a0<strong>Ley del Compre Nacional\u00a0<\/strong>que solo beneficia a determinados actores del poder.<\/li><li>Derogaci\u00f3n del\u00a0<strong>Observatorio de Precios del Ministerio de Econom\u00eda<\/strong>\u00a0para evitar la persecuci\u00f3n de las empresas.<\/li><li>Derogaci\u00f3n de la\u00a0<strong>Ley de Promoci\u00f3n Industrial.<\/strong><\/li><li>Derogaci\u00f3n de la\u00a0<strong>Ley de Promoci\u00f3n Comercial.<\/strong><\/li><li><\/li><\/ul>\n\n\n\n<ul class=\"wp-block-list\"><li>Derogaci\u00f3n de la&nbsp;<strong>normativa que impide la privatizaci\u00f3n<\/strong>&nbsp;de las empresas p\u00fablicas.<\/li><li>Derogaci\u00f3n del&nbsp;<strong>r\u00e9gimen de sociedades del Estado<\/strong>.<\/li><li>Transformaci\u00f3n de todas las<strong>&nbsp;empresas del Estado en sociedades an\u00f3nimas<\/strong>&nbsp;para su posterior privatizaci\u00f3n.<\/li><li><strong>Modernizaci\u00f3n del r\u00e9gimen laboral<\/strong>&nbsp;para facilitar el proceso de generaci\u00f3n de empleo genuino.<\/li><li><strong>Reforma del C\u00f3digo Aduanero<\/strong>&nbsp;para facilitar el comercio internacional.<\/li><li>Derogaci\u00f3n de la&nbsp;<strong>Ley de Tierras<\/strong>&nbsp;para promover las inversiones.<\/li><li>Modificaci\u00f3n de la&nbsp;<strong>Ley de Manejo del Fuego.<\/strong><\/li><\/ul>\n\n\n\n<figure class=\"wp-block-image\"><img decoding=\"async\" src=\"https:\/\/tn.com.ar\/resizer\/8mI5z_pHWONQvr0ePZegu-ok1rM=\/767x0\/smart\/filters:format(webp)\/cloudfront-us-east-1.images.arcpublishing.com\/artear\/YNP3Q7YDU74ZRVBY3QPNQ73PCA.jpg\" alt=\"Una postal de las protesta frente al Congreso de la Naci\u00f3n, este viernes a la madrugada. (Foto: Reuters \/ Agust\u00edn Marcarian)\"\/><figcaption>Una postal de las protesta frente al Congreso de la Naci\u00f3n, este viernes a la madrugada. (Foto: Reuters \/ Agust\u00edn Marcarian)Por:&nbsp;<strong>REUTERS<\/strong><\/figcaption><\/figure>\n\n\n\n<ul class=\"wp-block-list\"><li>Derogaci\u00f3n de las obligaciones que los ingenios azucareros tienen en materia de producci\u00f3n azucarera.<\/li><li>Liberaci\u00f3n del r\u00e9gimen jur\u00eddico aplicable al sector vitivin\u00edcola.<\/li><li>Derogaci\u00f3n del\u00a0<strong>sistema nacional del comercio minero<\/strong>\u00a0y del\u00a0<strong>Banco de Informaci\u00f3n Minera<\/strong>.<\/li><li>Autorizaci\u00f3n para la<strong>\u00a0cesi\u00f3n del paquete accionario total o parcial de\u00a0Aerol\u00edneas Argentinas.<\/strong><\/li><li>Implementaci\u00f3n de la\u00a0<strong>pol\u00edtica de cielos abiertos<\/strong>.<\/li><li><strong>Modificaci\u00f3n del C\u00f3digo Civil y Comercial\u00a0<\/strong>para reforzar el principio de libertad contractual entre las partes.<\/li><li>Modificaci\u00f3n del C\u00f3digo Civil y Comercial para garantizar que las<strong>\u00a0obligaciones contra\u00eddas en moneda extranjera deban ser canceladas en la moneda pactada<\/strong>.<\/li><li><strong>Modificaci\u00f3n al marco regulatorio de la medicina prepaga y las obras sociales.<\/strong><\/li><\/ul>\n\n\n\n<ul class=\"wp-block-list\"><li><strong>Eliminaci\u00f3n\u00a0<\/strong>de las restricciones de precios a la industria prepaga.<\/li><li><strong>Incorporaci\u00f3n\u00a0<\/strong>de las empresas de medicina prepaga al r\u00e9gimen de obras sociales.<\/li><li>Establecimiento de la<strong>\u00a0receta electr\u00f3nica<\/strong>\u00a0para agilizar el servicio y minimizar costos.<\/li><li>Modificaciones al\u00a0<strong>r\u00e9gimen de empresas farmac\u00e9uticas<\/strong>\u00a0para fomentar la competencia y reducir costos.<\/li><li><strong>Modificaci\u00f3n de la\u00a0Ley de Sociedades\u00a0para que los clubes de f\u00fatbol<\/strong>\u00a0puedan convertirse en sociedades an\u00f3nimas si as\u00ed lo quisieran.<\/li><li><strong>Desregulaci\u00f3n de los\u00a0servicios de internet satelital.<\/strong><\/li><li>Desregulaci\u00f3n del\u00a0<strong>sector tur\u00edstico<\/strong>\u00a0eliminando el monopolio de las agencias de turismo.<\/li><li><strong>Incorporaci\u00f3n de herramientas digitales<\/strong>\u00a0para tr\u00e1mites de los registros automotores.<\/li><\/ul>\n","protected":false},"excerpt":{"rendered":"<p>El\u00a0presidente Javier Milei prepara un nuevo DNU de car\u00e1cter\u00a0correctivo. El motivo: se olvid\u00f3 de establecer en el\u00a0Decreto de Necesidad y Urgencia\u00a0que la norma\u00a0rige desde hoy\u00a0mismo, seg\u00fan pudo saber\u00a0TN. Es un&hellip; <\/p>\n","protected":false},"author":12,"featured_media":112529,"comment_status":"closed","ping_status":"open","sticky":false,"template":"","format":"standard","meta":{"footnotes":""},"categories":[3],"tags":[],"class_list":["post-112522","post","type-post","status-publish","format-standard","has-post-thumbnail","hentry","category-politica"],"_links":{"self":[{"href":"https:\/\/corrientesdetarde.com\/index.php\/wp-json\/wp\/v2\/posts\/112522","targetHints":{"allow":["GET"]}}],"collection":[{"href":"https:\/\/corrientesdetarde.com\/index.php\/wp-json\/wp\/v2\/posts"}],"about":[{"href":"https:\/\/corrientesdetarde.com\/index.php\/wp-json\/wp\/v2\/types\/post"}],"author":[{"embeddable":true,"href":"https:\/\/corrientesdetarde.com\/index.php\/wp-json\/wp\/v2\/users\/12"}],"replies":[{"embeddable":true,"href":"https:\/\/corrientesdetarde.com\/index.php\/wp-json\/wp\/v2\/comments?post=112522"}],"version-history":[{"count":2,"href":"https:\/\/corrientesdetarde.com\/index.php\/wp-json\/wp\/v2\/posts\/112522\/revisions"}],"predecessor-version":[{"id":112535,"href":"https:\/\/corrientesdetarde.com\/index.php\/wp-json\/wp\/v2\/posts\/112522\/revisions\/112535"}],"wp:featuredmedia":[{"embeddable":true,"href":"https:\/\/corrientesdetarde.com\/index.php\/wp-json\/wp\/v2\/media\/112529"}],"wp:attachment":[{"href":"https:\/\/corrientesdetarde.com\/index.php\/wp-json\/wp\/v2\/media?parent=112522"}],"wp:term":[{"taxonomy":"category","embeddable":true,"href":"https:\/\/corrientesdetarde.com\/index.php\/wp-json\/wp\/v2\/categories?post=112522"},{"taxonomy":"post_tag","embeddable":true,"href":"https:\/\/corrientesdetarde.com\/index.php\/wp-json\/wp\/v2\/tags?post=112522"}],"curies":[{"name":"wp","href":"https:\/\/api.w.org\/{rel}","templated":true}]}}