{"id":112537,"date":"2023-12-21T11:42:57","date_gmt":"2023-12-21T14:42:57","guid":{"rendered":"https:\/\/corrientesdetarde.com\/?p=112537"},"modified":"2023-12-21T11:43:42","modified_gmt":"2023-12-21T14:43:42","slug":"que-es-el-sindrome-de-estocolmo-la-metafora-que-uso-javier-milei-para-referirse-al-cacerolazo-en-el-congreso","status":"publish","type":"post","link":"https:\/\/corrientesdetarde.com\/index.php\/politica\/que-es-el-sindrome-de-estocolmo-la-metafora-que-uso-javier-milei-para-referirse-al-cacerolazo-en-el-congreso\/","title":{"rendered":"Qu\u00e9 es el s\u00edndrome de Estocolmo, la met\u00e1fora que us\u00f3 Javier Milei para referirse al cacerolazo en el Congreso"},"content":{"rendered":"\n<p><strong>Javier Milei<\/strong>\u00a0afirm\u00f3 cuando le preguntaron sobre las protestas contra el Decreto de Necesidad y Urgencia (<strong>DNU<\/strong>) que dio anoche que\u00a0<strong>\u201chay gente que sufre S\u00edndrome de Estocolmo, est\u00e1n enamorados del modelo que empobrece\u201d<\/strong>, en entrevista con Jonathan Viale en Radio Rivadavia.<\/p>\n\n\n\n<p>Toda le informaci\u00f3n de<strong>\u00a0qu\u00e9 es el s\u00edndrome de Estocolmo, c\u00f3mo surgi\u00f3 ese nombre y por qu\u00e9 lo utiliza Javier Milei<\/strong>.<\/p>\n\n\n\n<h2 class=\"wp-block-heading\">Qu\u00e9 es el s\u00edndrome de Estocolmo, la referencia que us\u00f3 Javier Milei<\/h2>\n\n\n\n<ul class=\"wp-block-list\"><li>El&nbsp;<strong>s\u00edndrome de Estocolmo<\/strong>&nbsp;<strong>es un fen\u00f3meno psicol\u00f3gico<\/strong>&nbsp;donde una v\u00edctima desarrolla sentimientos de simpat\u00eda, afecto o incluso lealtad hacia su captor, a pesar de sufrir abusos o amenazas.<\/li><li>Se le di ese nombre en Estocolmo en 1973,&nbsp;<strong>donde rehenes desarrollaron v\u00ednculos emocionales con los secuestradores<\/strong>.<\/li><li>Surge como un&nbsp;<strong>mecanismo de defensa psicol\u00f3gica<\/strong>&nbsp;<strong>ante el estr\u00e9s extremo<\/strong>, donde la v\u00edctima busca identificarse con el agresor para reducir la percepci\u00f3n de amenaza.<\/li><li>Incluye la&nbsp;<strong>negaci\u00f3n de peligro, simpat\u00eda hacia el captor<\/strong>, y resistencia a ser rescatado.<\/li><li>Se observa en situaciones de&nbsp;<strong>secuestro<\/strong>, abuso dom\u00e9stico y situaciones de rehenes.<\/li><li>Implica factores como la&nbsp;<strong>vulnerabilidad emocional<\/strong>&nbsp;de la v\u00edctima y la din\u00e1mica de poder en la situaci\u00f3n.<\/li><li>La recuperaci\u00f3n puede&nbsp;<strong>requerir apoyo psicol\u00f3gico<\/strong>&nbsp;para abordar traumas y cambiar patrones de pensamiento arraigados.<\/li><\/ul>\n\n\n\n<h2 class=\"wp-block-heading\">Por qu\u00e9 utiliz\u00f3 Javier Milei el s\u00edndrome de Estocolmo como met\u00e1fora<\/h2>\n\n\n\n<p><strong>Javier Milei<\/strong>&nbsp;quiere decir con esta met\u00e1fora que quienes protestaron ante su DNU est\u00e1n enamorados de quienes generaron esta situaci\u00f3n econ\u00f3mica, en su \u00f3ptica.<\/p>\n","protected":false},"excerpt":{"rendered":"<p>Javier Milei\u00a0afirm\u00f3 cuando le preguntaron sobre las protestas contra el Decreto de Necesidad y Urgencia (DNU) que dio anoche que\u00a0\u201chay gente que sufre S\u00edndrome de Estocolmo, est\u00e1n enamorados del modelo&hellip; <\/p>\n","protected":false},"author":12,"featured_media":112558,"comment_status":"closed","ping_status":"open","sticky":false,"template":"","format":"standard","meta":{"footnotes":""},"categories":[3],"tags":[],"class_list":["post-112537","post","type-post","status-publish","format-standard","has-post-thumbnail","hentry","category-politica"],"_links":{"self":[{"href":"https:\/\/corrientesdetarde.com\/index.php\/wp-json\/wp\/v2\/posts\/112537","targetHints":{"allow":["GET"]}}],"collection":[{"href":"https:\/\/corrientesdetarde.com\/index.php\/wp-json\/wp\/v2\/posts"}],"about":[{"href":"https:\/\/corrientesdetarde.com\/index.php\/wp-json\/wp\/v2\/types\/post"}],"author":[{"embeddable":true,"href":"https:\/\/corrientesdetarde.com\/index.php\/wp-json\/wp\/v2\/users\/12"}],"replies":[{"embeddable":true,"href":"https:\/\/corrientesdetarde.com\/index.php\/wp-json\/wp\/v2\/comments?post=112537"}],"version-history":[{"count":2,"href":"https:\/\/corrientesdetarde.com\/index.php\/wp-json\/wp\/v2\/posts\/112537\/revisions"}],"predecessor-version":[{"id":112564,"href":"https:\/\/corrientesdetarde.com\/index.php\/wp-json\/wp\/v2\/posts\/112537\/revisions\/112564"}],"wp:featuredmedia":[{"embeddable":true,"href":"https:\/\/corrientesdetarde.com\/index.php\/wp-json\/wp\/v2\/media\/112558"}],"wp:attachment":[{"href":"https:\/\/corrientesdetarde.com\/index.php\/wp-json\/wp\/v2\/media?parent=112537"}],"wp:term":[{"taxonomy":"category","embeddable":true,"href":"https:\/\/corrientesdetarde.com\/index.php\/wp-json\/wp\/v2\/categories?post=112537"},{"taxonomy":"post_tag","embeddable":true,"href":"https:\/\/corrientesdetarde.com\/index.php\/wp-json\/wp\/v2\/tags?post=112537"}],"curies":[{"name":"wp","href":"https:\/\/api.w.org\/{rel}","templated":true}]}}