{"id":112698,"date":"2023-12-21T21:46:02","date_gmt":"2023-12-22T00:46:02","guid":{"rendered":"https:\/\/corrientesdetarde.com\/?p=112698"},"modified":"2023-12-21T21:46:14","modified_gmt":"2023-12-22T00:46:14","slug":"martin-palermo-se-quejo-de-no-haber-sido-contactado-para-dirigir-a-boca-durante-la-gestion-de-juan-roman-riquelme","status":"publish","type":"post","link":"https:\/\/corrientesdetarde.com\/index.php\/deportes\/martin-palermo-se-quejo-de-no-haber-sido-contactado-para-dirigir-a-boca-durante-la-gestion-de-juan-roman-riquelme\/","title":{"rendered":"Mart\u00edn Palermo se quej\u00f3 de no haber sido contactado para dirigir a Boca durante la gesti\u00f3n de Juan Rom\u00e1n Riquelme"},"content":{"rendered":"\n<p>El entrenador dej\u00f3 su cargo en Platense y fue llamada por la dupla Ibarra &#8211; Macri si ganaban las elecciones.<\/p>\n\n\n\n<p><strong>El exentrenador de Platense Mart\u00edn Palermo volvi\u00f3 a apuntar contra el presidente Juan Rom\u00e1n Riquelme<\/strong>&nbsp;por no haberlo llamado para dirigir a Boca en estos cuatro a\u00f1os y pidi\u00f3 que no lo nombren m\u00e1s porque sabe que no se van a comunicar con \u00e9l.<\/p>\n\n\n\n<p>\u201c<strong>No quiero que se instale m\u00e1s que cuando a un t\u00e9cnico en Boca lo est\u00e1n por echar,<\/strong>&nbsp;o&nbsp;<strong>se va a ir,<\/strong><strong>&nbsp;<\/strong>y empiezan a sonar nombres,&nbsp;<strong>me pongan a m\u00ed.<\/strong>&nbsp;<strong>Porque durante estos cuatro a\u00f1os nadie me llam\u00f3<\/strong>\u201d, asegur\u00f3 Palermo en una entrevista para la televisi\u00f3n sobre su situaci\u00f3n con el club en estos \u00faltimos a\u00f1os.<\/p>\n\n\n\n<p>Y agreg\u00f3: \u201c<strong>En estos a\u00f1os tuve charlas con Rom\u00e1n y le agradec\u00ed al cederme jugadores<\/strong>&nbsp;. Por esas charlas pudo haber existido ese caf\u00e9 de por medio para ver si hab\u00eda alguna intenci\u00f3n en su proceso ser DT de Boca.&nbsp;<strong>Pero si no lo hicieron antes, \u00bfpor qu\u00e9 lo har\u00edan estos pr\u00f3ximos 4 a\u00f1os?\u201d.<\/strong><\/p>\n\n\n\n<p>Palermo tambi\u00e9n critic\u00f3 que no hayan pensado en \u00e9l antes que otros candidatos que no ten\u00edan la preparaci\u00f3n adecuada para el puesto como lo fueron Sebasti\u00e1n Battaglia y Hugo Ibarra, quienes fueron despedidos por los malos resultados.<\/p>\n\n\n\n<p>\u201c<strong>\u00bfTuve que hacer un buen campeonato con Platense para creer que estoy preparado para dirigir a Boca? Sin desmerecer a (Hugo) Ibarra y (Sebasti\u00e1n) Battaglia que lo hicieron sin haber dirigido<\/strong>&nbsp;antes en otro lado y se les dio su oportunidad\u201d, expres\u00f3.<\/p>\n","protected":false},"excerpt":{"rendered":"<p>El entrenador dej\u00f3 su cargo en Platense y fue llamada por la dupla Ibarra &#8211; Macri si ganaban las elecciones. El exentrenador de Platense Mart\u00edn Palermo volvi\u00f3 a apuntar contra&hellip; <\/p>\n","protected":false},"author":4,"featured_media":112699,"comment_status":"closed","ping_status":"open","sticky":false,"template":"","format":"standard","meta":{"footnotes":""},"categories":[4],"tags":[],"class_list":["post-112698","post","type-post","status-publish","format-standard","has-post-thumbnail","hentry","category-deportes"],"_links":{"self":[{"href":"https:\/\/corrientesdetarde.com\/index.php\/wp-json\/wp\/v2\/posts\/112698","targetHints":{"allow":["GET"]}}],"collection":[{"href":"https:\/\/corrientesdetarde.com\/index.php\/wp-json\/wp\/v2\/posts"}],"about":[{"href":"https:\/\/corrientesdetarde.com\/index.php\/wp-json\/wp\/v2\/types\/post"}],"author":[{"embeddable":true,"href":"https:\/\/corrientesdetarde.com\/index.php\/wp-json\/wp\/v2\/users\/4"}],"replies":[{"embeddable":true,"href":"https:\/\/corrientesdetarde.com\/index.php\/wp-json\/wp\/v2\/comments?post=112698"}],"version-history":[{"count":1,"href":"https:\/\/corrientesdetarde.com\/index.php\/wp-json\/wp\/v2\/posts\/112698\/revisions"}],"predecessor-version":[{"id":112700,"href":"https:\/\/corrientesdetarde.com\/index.php\/wp-json\/wp\/v2\/posts\/112698\/revisions\/112700"}],"wp:featuredmedia":[{"embeddable":true,"href":"https:\/\/corrientesdetarde.com\/index.php\/wp-json\/wp\/v2\/media\/112699"}],"wp:attachment":[{"href":"https:\/\/corrientesdetarde.com\/index.php\/wp-json\/wp\/v2\/media?parent=112698"}],"wp:term":[{"taxonomy":"category","embeddable":true,"href":"https:\/\/corrientesdetarde.com\/index.php\/wp-json\/wp\/v2\/categories?post=112698"},{"taxonomy":"post_tag","embeddable":true,"href":"https:\/\/corrientesdetarde.com\/index.php\/wp-json\/wp\/v2\/tags?post=112698"}],"curies":[{"name":"wp","href":"https:\/\/api.w.org\/{rel}","templated":true}]}}